{"id":992,"date":"2018-11-19T08:55:21","date_gmt":"2018-11-19T07:55:21","guid":{"rendered":"http:\/\/strucnoobraz.edu.ba\/?p=992"},"modified":"2018-12-19T08:55:35","modified_gmt":"2018-12-19T07:55:35","slug":"posjeta-historijskom-muzeju-bosne-i-hercegovine","status":"publish","type":"post","link":"https:\/\/strucnoobraz.edu.ba\/?p=992","title":{"rendered":"Posjeta Historijskom muzeju Bosne i Hercegovine"},"content":{"rendered":"<p style=\"font-weight: 400; text-align: center;\">Posjeta Historijskom muzeju Bosne i Hercegovine<\/p>\n<p style=\"font-weight: 400;\">U \u010detvrtak 15.11. 2018.&nbsp;&nbsp;god. organizovali smo posjetu Historijskom muzeju BiH s grupom u\u010denika na\u0161e \u0161kole. Iskoristili smo lijepo vrijeme i pro\u0161etali s u\u010denicima od \u0161kole do muzeja, dok je jedna grupa u\u010denika oti\u0161la kombijem. U ovom mini projektu u\u010destvovali su prof. Irma Veli\u0107, prof. Aid Ahmetovi\u0107, prof.&nbsp;&nbsp;Ernad Kalkan i prof. Havka Ahmeovi\u0107-Veli\u0107.<\/p>\n<p style=\"font-weight: 400;\">Ostvarili smo dobru saradnju s uposlenicama muzeja koja \u0107e se, nadamo se, i ubudu\u0107e nastaviti&#8230; Ostao je dogovor da i ostatak u\u010denika na\u0161e \u0161kole posjeti muzej, nadam se da \u0107e se i ostvariti.. U\u010denici koji su i\u0161li u ovu posjetu, ponijeli su upe\u010datljive do\u017eivljaje i slike iz historije na\u0161e dr\u017eave i grada Sarajeva&#8230;<\/p>\n<p style=\"font-weight: 400;\"><img loading=\"lazy\" decoding=\"async\" class=\"aligncenter size-medium wp-image-989\" src=\"https:\/\/strucnoobraz.edu.ba\/wp-content\/uploads\/20181115_120158-300x180.jpg\" alt=\"\" width=\"300\" height=\"180\" srcset=\"https:\/\/strucnoobraz.edu.ba\/wp-content\/uploads\/20181115_120158-300x180.jpg 300w, https:\/\/strucnoobraz.edu.ba\/wp-content\/uploads\/20181115_120158-768x461.jpg 768w, https:\/\/strucnoobraz.edu.ba\/wp-content\/uploads\/20181115_120158-1024x614.jpg 1024w\" sizes=\"auto, (max-width: 300px) 100vw, 300px\" \/><\/p>\n<p style=\"font-weight: 400;\"><img loading=\"lazy\" decoding=\"async\" class=\"aligncenter size-medium wp-image-990\" src=\"https:\/\/strucnoobraz.edu.ba\/wp-content\/uploads\/20181115_112716-300x180.jpg\" alt=\"\" width=\"300\" height=\"180\" srcset=\"https:\/\/strucnoobraz.edu.ba\/wp-content\/uploads\/20181115_112716-300x180.jpg 300w, https:\/\/strucnoobraz.edu.ba\/wp-content\/uploads\/20181115_112716-768x461.jpg 768w, https:\/\/strucnoobraz.edu.ba\/wp-content\/uploads\/20181115_112716-1024x614.jpg 1024w\" sizes=\"auto, (max-width: 300px) 100vw, 300px\" \/><\/p>\n<p style=\"font-weight: 400;\"><img loading=\"lazy\" decoding=\"async\" class=\"aligncenter size-medium wp-image-991\" src=\"https:\/\/strucnoobraz.edu.ba\/wp-content\/uploads\/20181115_115002-300x180.jpg\" alt=\"\" width=\"300\" height=\"180\" srcset=\"https:\/\/strucnoobraz.edu.ba\/wp-content\/uploads\/20181115_115002-300x180.jpg 300w, https:\/\/strucnoobraz.edu.ba\/wp-content\/uploads\/20181115_115002-768x461.jpg 768w, https:\/\/strucnoobraz.edu.ba\/wp-content\/uploads\/20181115_115002-1024x614.jpg 1024w\" sizes=\"auto, (max-width: 300px) 100vw, 300px\" \/><\/p>\n<p style=\"font-weight: 400;\">&nbsp;<\/p>\n","protected":false},"excerpt":{"rendered":"<p>Posjeta Historijskom muzeju Bosne i Hercegovine U \u010detvrtak 15.11. 2018.&nbsp;&nbsp;god. organizovali smo posjetu Historijskom muzeju BiH s grupom u\u010denika na\u0161e \u0161kole. Iskoristili smo lijepo vrijeme i pro\u0161etali s u\u010denicima od \u0161kole do muzeja, dok je jedna grupa u\u010denika oti\u0161la kombijem. &hellip; <a href=\"https:\/\/strucnoobraz.edu.ba\/?p=992\">Continue reading <span class=\"meta-nav\">&rarr;<\/span><\/a><\/p>\n","protected":false},"author":1,"featured_media":989,"comment_status":"closed","ping_status":"open","sticky":false,"template":"","format":"standard","meta":{"footnotes":""},"categories":[4],"tags":[],"class_list":["post-992","post","type-post","status-publish","format-standard","has-post-thumbnail","hentry","category-novosti"],"_links":{"self":[{"href":"https:\/\/strucnoobraz.edu.ba\/index.php?rest_route=\/wp\/v2\/posts\/992","targetHints":{"allow":["GET"]}}],"collection":[{"href":"https:\/\/strucnoobraz.edu.ba\/index.php?rest_route=\/wp\/v2\/posts"}],"about":[{"href":"https:\/\/strucnoobraz.edu.ba\/index.php?rest_route=\/wp\/v2\/types\/post"}],"author":[{"embeddable":true,"href":"https:\/\/strucnoobraz.edu.ba\/index.php?rest_route=\/wp\/v2\/users\/1"}],"replies":[{"embeddable":true,"href":"https:\/\/strucnoobraz.edu.ba\/index.php?rest_route=%2Fwp%2Fv2%2Fcomments&post=992"}],"version-history":[{"count":1,"href":"https:\/\/strucnoobraz.edu.ba\/index.php?rest_route=\/wp\/v2\/posts\/992\/revisions"}],"predecessor-version":[{"id":993,"href":"https:\/\/strucnoobraz.edu.ba\/index.php?rest_route=\/wp\/v2\/posts\/992\/revisions\/993"}],"wp:featuredmedia":[{"embeddable":true,"href":"https:\/\/strucnoobraz.edu.ba\/index.php?rest_route=\/wp\/v2\/media\/989"}],"wp:attachment":[{"href":"https:\/\/strucnoobraz.edu.ba\/index.php?rest_route=%2Fwp%2Fv2%2Fmedia&parent=992"}],"wp:term":[{"taxonomy":"category","embeddable":true,"href":"https:\/\/strucnoobraz.edu.ba\/index.php?rest_route=%2Fwp%2Fv2%2Fcategories&post=992"},{"taxonomy":"post_tag","embeddable":true,"href":"https:\/\/strucnoobraz.edu.ba\/index.php?rest_route=%2Fwp%2Fv2%2Ftags&post=992"}],"curies":[{"name":"wp","href":"https:\/\/api.w.org\/{rel}","templated":true}]}}