{"id":99,"date":"2013-06-12T13:44:18","date_gmt":"2013-06-12T11:44:18","guid":{"rendered":"http:\/\/strucnoobraz.web.ba\/?p=99"},"modified":"2013-06-12T20:42:55","modified_gmt":"2013-06-12T18:42:55","slug":"dan-skole-06-i-07-april-2011","status":"publish","type":"post","link":"https:\/\/strucnoobraz.edu.ba\/?p=99","title":{"rendered":"Dan \u0161kole &#8211; 06 i 07 april 2011."},"content":{"rendered":"<p><a href=\"https:\/\/strucnoobraz.edu.ba\/wp-content\/uploads\/2013\/06\/slika-mirza.bmp\"><img decoding=\"async\" class=\"alignleft size-medium wp-image-100\" alt=\"slika mirza\" src=\"https:\/\/strucnoobraz.edu.ba\/wp-content\/uploads\/2013\/06\/slika-mirza.bmp\" \/><\/a>Na\u0161a \u0161kola je 06 i 07 aprila 2011.godine proslavila Dan \u0161kole. Za u\u010denike Dan \u0161kole se sastojao iz nekoliko programa.<\/p>\n<p>05.aprila realiziran je sportski program i takmi\u010denje u\u010denika na\u0161e \u0161kole sa \u010dlanovima NVO Svjetlo, dok je 06.aprila to bio muzi\u010dki program koji su pripremili u\u010denici muzi\u010dke sekcije zajedno sa svojom voditeljicom Drakovac Sla\u0111anom i Marizelom Jela\u010di\u0107. Dan \u0161kole je 06.aprila uljep\u0161ao svojim izvedbama i Mirza \u0160oljanin koji je razveselio i pozitivno iznenadio u\u010denike na\u0161e \u0161kole.<\/p>\n<p>07.april bio je predvi\u0111en za ostale goste : predstavnike Vladinih i nevladinih institucija, raznih kompanija i prijatelja \u0161kole.<\/p>\n<p>Moramo ista\u0107i i marljive u\u010denike zanimanja kuhar koji su vrijedno radili sa svojom profesoricom prakti\u010dne nastave i pripremali hranu kojom su bili \u010da\u0161\u0107eni na\u0161i gosti. Tako\u0111er, i ostali uposlenici su vrijedno radili na svojim zadacima, \u010dime su doprinijeli da zaista oba Dana na\u0161e \u0161kole budu interesantna i ugodna za prisutnu publiku u sali \u0160SSOiRO.<\/p>\n<p>Slike mo\u017eete pregledati u galeriji&#8230;<\/p>\n","protected":false},"excerpt":{"rendered":"<p>Na\u0161a \u0161kola je 06 i 07 aprila 2011.godine proslavila Dan \u0161kole. Za u\u010denike Dan \u0161kole se sastojao iz nekoliko programa. 05.aprila realiziran je sportski program i takmi\u010denje u\u010denika na\u0161e \u0161kole sa \u010dlanovima NVO Svjetlo, dok je 06.aprila to bio muzi\u010dki &hellip; <a href=\"https:\/\/strucnoobraz.edu.ba\/?p=99\">Continue reading <span class=\"meta-nav\">&rarr;<\/span><\/a><\/p>\n","protected":false},"author":1,"featured_media":100,"comment_status":"closed","ping_status":"open","sticky":false,"template":"","format":"standard","meta":{"footnotes":""},"categories":[4],"tags":[],"class_list":["post-99","post","type-post","status-publish","format-standard","has-post-thumbnail","hentry","category-novosti"],"_links":{"self":[{"href":"https:\/\/strucnoobraz.edu.ba\/index.php?rest_route=\/wp\/v2\/posts\/99","targetHints":{"allow":["GET"]}}],"collection":[{"href":"https:\/\/strucnoobraz.edu.ba\/index.php?rest_route=\/wp\/v2\/posts"}],"about":[{"href":"https:\/\/strucnoobraz.edu.ba\/index.php?rest_route=\/wp\/v2\/types\/post"}],"author":[{"embeddable":true,"href":"https:\/\/strucnoobraz.edu.ba\/index.php?rest_route=\/wp\/v2\/users\/1"}],"replies":[{"embeddable":true,"href":"https:\/\/strucnoobraz.edu.ba\/index.php?rest_route=%2Fwp%2Fv2%2Fcomments&post=99"}],"version-history":[{"count":2,"href":"https:\/\/strucnoobraz.edu.ba\/index.php?rest_route=\/wp\/v2\/posts\/99\/revisions"}],"predecessor-version":[{"id":241,"href":"https:\/\/strucnoobraz.edu.ba\/index.php?rest_route=\/wp\/v2\/posts\/99\/revisions\/241"}],"wp:featuredmedia":[{"embeddable":true,"href":"https:\/\/strucnoobraz.edu.ba\/index.php?rest_route=\/wp\/v2\/media\/100"}],"wp:attachment":[{"href":"https:\/\/strucnoobraz.edu.ba\/index.php?rest_route=%2Fwp%2Fv2%2Fmedia&parent=99"}],"wp:term":[{"taxonomy":"category","embeddable":true,"href":"https:\/\/strucnoobraz.edu.ba\/index.php?rest_route=%2Fwp%2Fv2%2Fcategories&post=99"},{"taxonomy":"post_tag","embeddable":true,"href":"https:\/\/strucnoobraz.edu.ba\/index.php?rest_route=%2Fwp%2Fv2%2Ftags&post=99"}],"curies":[{"name":"wp","href":"https:\/\/api.w.org\/{rel}","templated":true}]}}