{"id":960,"date":"2018-09-18T11:46:42","date_gmt":"2018-09-18T09:46:42","guid":{"rendered":"http:\/\/strucnoobraz.edu.ba\/?p=960"},"modified":"2018-09-18T12:37:59","modified_gmt":"2018-09-18T10:37:59","slug":"posjeta-botanickom-vrtu","status":"publish","type":"post","link":"https:\/\/strucnoobraz.edu.ba\/?p=960","title":{"rendered":"Posjeta botani\u010dkom vrtu"},"content":{"rendered":"<div class=\"_rp_t5\">&nbsp;<\/div>\n<div class=\"_rp_E5\">\n<div class=\"_rp_A5\">\n<div class=\"_rp_p1\">\n<div class=\"_rp_r2 disableTextSelection\">&nbsp;<\/div>\n<div>\n<div class=\"_rp_42\">&nbsp;<\/div>\n<\/div>\n<\/div>\n<\/div>\n<div class=\"_rp_B5\">\n<div>\n<div class=\"_rp_C5 rpHighlightAllClass rpHighlightBodyClass allowTextSelection\">\n<div>\n<div id=\"Item.MessageNormalizedBody\" class=\"_rp_D5 ms-font-weight-regular ms-font-color-neutralDark\" tabindex=\"-1\">\n<div class=\"rps_af78\">\n<div>\n<div>\n<div dir=\"ltr\">U\u010denici I&nbsp;<span style=\"font-size: xx-small;\">4&nbsp;<\/span>razreda, smjer cvje\u0107ari su u \u010detvrtak (13.9.2018.) posjetili botani\u010dki vrt sa prof. Larisom Hasanovi\u0107 i Irmom Veli\u0107.&nbsp;<\/div>\n<div dir=\"ltr\"><img loading=\"lazy\" decoding=\"async\" class=\"aligncenter size-medium wp-image-959\" src=\"https:\/\/strucnoobraz.edu.ba\/wp-content\/uploads\/4-1-168x300.jpg\" alt=\"\" width=\"168\" height=\"300\" srcset=\"https:\/\/strucnoobraz.edu.ba\/wp-content\/uploads\/4-1-168x300.jpg 168w, https:\/\/strucnoobraz.edu.ba\/wp-content\/uploads\/4-1.jpg 539w\" sizes=\"auto, (max-width: 168px) 100vw, 168px\" \/><img loading=\"lazy\" decoding=\"async\" class=\"aligncenter size-medium wp-image-958\" src=\"https:\/\/strucnoobraz.edu.ba\/wp-content\/uploads\/333-300x169.jpg\" alt=\"\" width=\"300\" height=\"169\" srcset=\"https:\/\/strucnoobraz.edu.ba\/wp-content\/uploads\/333-300x169.jpg 300w, https:\/\/strucnoobraz.edu.ba\/wp-content\/uploads\/333-768x432.jpg 768w, https:\/\/strucnoobraz.edu.ba\/wp-content\/uploads\/333.jpg 960w\" sizes=\"auto, (max-width: 300px) 100vw, 300px\" \/><img loading=\"lazy\" decoding=\"async\" class=\"aligncenter size-medium wp-image-957\" src=\"https:\/\/strucnoobraz.edu.ba\/wp-content\/uploads\/22222-300x169.jpg\" alt=\"\" width=\"300\" height=\"169\" srcset=\"https:\/\/strucnoobraz.edu.ba\/wp-content\/uploads\/22222-300x169.jpg 300w, https:\/\/strucnoobraz.edu.ba\/wp-content\/uploads\/22222-768x432.jpg 768w, https:\/\/strucnoobraz.edu.ba\/wp-content\/uploads\/22222.jpg 960w\" sizes=\"auto, (max-width: 300px) 100vw, 300px\" \/><\/div>\n<\/div>\n<\/div>\n<\/div>\n<\/div>\n<\/div>\n<\/div>\n<\/div>\n<\/div>\n<\/div>\n","protected":false},"excerpt":{"rendered":"<p>&nbsp; &nbsp; &nbsp; U\u010denici I&nbsp;4&nbsp;razreda, smjer cvje\u0107ari su u \u010detvrtak (13.9.2018.) posjetili botani\u010dki vrt sa prof. Larisom Hasanovi\u0107 i Irmom Veli\u0107.&nbsp;<\/p>\n","protected":false},"author":1,"featured_media":956,"comment_status":"closed","ping_status":"open","sticky":false,"template":"","format":"standard","meta":{"footnotes":""},"categories":[4],"tags":[],"class_list":["post-960","post","type-post","status-publish","format-standard","has-post-thumbnail","hentry","category-novosti"],"_links":{"self":[{"href":"https:\/\/strucnoobraz.edu.ba\/index.php?rest_route=\/wp\/v2\/posts\/960","targetHints":{"allow":["GET"]}}],"collection":[{"href":"https:\/\/strucnoobraz.edu.ba\/index.php?rest_route=\/wp\/v2\/posts"}],"about":[{"href":"https:\/\/strucnoobraz.edu.ba\/index.php?rest_route=\/wp\/v2\/types\/post"}],"author":[{"embeddable":true,"href":"https:\/\/strucnoobraz.edu.ba\/index.php?rest_route=\/wp\/v2\/users\/1"}],"replies":[{"embeddable":true,"href":"https:\/\/strucnoobraz.edu.ba\/index.php?rest_route=%2Fwp%2Fv2%2Fcomments&post=960"}],"version-history":[{"count":3,"href":"https:\/\/strucnoobraz.edu.ba\/index.php?rest_route=\/wp\/v2\/posts\/960\/revisions"}],"predecessor-version":[{"id":969,"href":"https:\/\/strucnoobraz.edu.ba\/index.php?rest_route=\/wp\/v2\/posts\/960\/revisions\/969"}],"wp:featuredmedia":[{"embeddable":true,"href":"https:\/\/strucnoobraz.edu.ba\/index.php?rest_route=\/wp\/v2\/media\/956"}],"wp:attachment":[{"href":"https:\/\/strucnoobraz.edu.ba\/index.php?rest_route=%2Fwp%2Fv2%2Fmedia&parent=960"}],"wp:term":[{"taxonomy":"category","embeddable":true,"href":"https:\/\/strucnoobraz.edu.ba\/index.php?rest_route=%2Fwp%2Fv2%2Fcategories&post=960"},{"taxonomy":"post_tag","embeddable":true,"href":"https:\/\/strucnoobraz.edu.ba\/index.php?rest_route=%2Fwp%2Fv2%2Ftags&post=960"}],"curies":[{"name":"wp","href":"https:\/\/api.w.org\/{rel}","templated":true}]}}