{"id":96,"date":"2013-06-12T13:42:43","date_gmt":"2013-06-12T11:42:43","guid":{"rendered":"http:\/\/strucnoobraz.web.ba\/?p=96"},"modified":"2013-06-12T20:42:59","modified_gmt":"2013-06-12T18:42:59","slug":"posjeta-zenici-i-specijalnoj-osnovnoj-skoli","status":"publish","type":"post","link":"https:\/\/strucnoobraz.edu.ba\/?p=96","title":{"rendered":"Posjeta Zenici i Specijalnoj osnovnoj \u0161koli"},"content":{"rendered":"<p><a href=\"https:\/\/strucnoobraz.edu.ba\/wp-content\/uploads\/2013\/06\/14691_zenica13.jpg\"><img loading=\"lazy\" decoding=\"async\" class=\"alignleft size-medium wp-image-97\" alt=\"14691_zenica13\" src=\"https:\/\/strucnoobraz.edu.ba\/wp-content\/uploads\/2013\/06\/14691_zenica13-300x201.jpg\" width=\"300\" height=\"201\" \/><\/a>21.03.2011.godine direktor Edin Pita i profesorica Amra Beganovi\u0107, zajedno sa u\u010denicima:\u00a0 \u010cakalovi\u0107 Amanda, Alji\u0107 Toni i Spahi\u0107 Alen, posjetili su grad Zenicu povodom obilje\u017eavanja prvog dana prolje\u0107a. Posjetili su Specijalnu osnovnu \u0161kolu i dru\u017eili se zajedno sa uposlenicima i djecom iste \u0161kole, kao i sa kolegama i u\u010denicima O.\u0160.Vladimir Nazor, Zavod Mjedenica i Centrom za djecu i mlade\u017e Duga Travnik. Ostvarena je uspje\u0161na saradnja koja \u0107e se nastaviti i u budu\u0107nosti.<\/p>\n","protected":false},"excerpt":{"rendered":"<p>21.03.2011.godine direktor Edin Pita i profesorica Amra Beganovi\u0107, zajedno sa u\u010denicima:\u00a0 \u010cakalovi\u0107 Amanda, Alji\u0107 Toni i Spahi\u0107 Alen, posjetili su grad Zenicu povodom obilje\u017eavanja prvog dana prolje\u0107a. Posjetili su Specijalnu osnovnu \u0161kolu i dru\u017eili se zajedno sa uposlenicima i djecom &hellip; <a href=\"https:\/\/strucnoobraz.edu.ba\/?p=96\">Continue reading <span class=\"meta-nav\">&rarr;<\/span><\/a><\/p>\n","protected":false},"author":1,"featured_media":97,"comment_status":"closed","ping_status":"open","sticky":false,"template":"","format":"standard","meta":{"footnotes":""},"categories":[4],"tags":[],"class_list":["post-96","post","type-post","status-publish","format-standard","has-post-thumbnail","hentry","category-novosti"],"_links":{"self":[{"href":"https:\/\/strucnoobraz.edu.ba\/index.php?rest_route=\/wp\/v2\/posts\/96","targetHints":{"allow":["GET"]}}],"collection":[{"href":"https:\/\/strucnoobraz.edu.ba\/index.php?rest_route=\/wp\/v2\/posts"}],"about":[{"href":"https:\/\/strucnoobraz.edu.ba\/index.php?rest_route=\/wp\/v2\/types\/post"}],"author":[{"embeddable":true,"href":"https:\/\/strucnoobraz.edu.ba\/index.php?rest_route=\/wp\/v2\/users\/1"}],"replies":[{"embeddable":true,"href":"https:\/\/strucnoobraz.edu.ba\/index.php?rest_route=%2Fwp%2Fv2%2Fcomments&post=96"}],"version-history":[{"count":2,"href":"https:\/\/strucnoobraz.edu.ba\/index.php?rest_route=\/wp\/v2\/posts\/96\/revisions"}],"predecessor-version":[{"id":242,"href":"https:\/\/strucnoobraz.edu.ba\/index.php?rest_route=\/wp\/v2\/posts\/96\/revisions\/242"}],"wp:featuredmedia":[{"embeddable":true,"href":"https:\/\/strucnoobraz.edu.ba\/index.php?rest_route=\/wp\/v2\/media\/97"}],"wp:attachment":[{"href":"https:\/\/strucnoobraz.edu.ba\/index.php?rest_route=%2Fwp%2Fv2%2Fmedia&parent=96"}],"wp:term":[{"taxonomy":"category","embeddable":true,"href":"https:\/\/strucnoobraz.edu.ba\/index.php?rest_route=%2Fwp%2Fv2%2Fcategories&post=96"},{"taxonomy":"post_tag","embeddable":true,"href":"https:\/\/strucnoobraz.edu.ba\/index.php?rest_route=%2Fwp%2Fv2%2Ftags&post=96"}],"curies":[{"name":"wp","href":"https:\/\/api.w.org\/{rel}","templated":true}]}}