{"id":943,"date":"2018-09-10T07:57:14","date_gmt":"2018-09-10T05:57:14","guid":{"rendered":"http:\/\/strucnoobraz.edu.ba\/?p=943"},"modified":"2018-09-14T07:57:25","modified_gmt":"2018-09-14T05:57:25","slug":"svecanost-u-cast-istaknutih-osnovaca-i-srednjoskolaca-kantona-sarajevo-novosti","status":"publish","type":"post","link":"https:\/\/strucnoobraz.edu.ba\/?p=943","title":{"rendered":"Sve\u010danost u \u010dast istaknutih   osnovaca i srednjo\u0161kolaca Kantona Sarajevo-novosti"},"content":{"rendered":"<p style=\"text-align: center;\"><strong>Sve\u010danost u \u010dast istaknutih&nbsp;&nbsp; osnovaca i srednjo\u0161kolaca Kantona Sarajevo-novosti<\/strong><\/p>\n<p style=\"text-align: center;\">&nbsp;<\/p>\n<p style=\"text-align: center;\"><strong>Promocija najizvrsnijih u\u010denika osnovnih i srednjih \u0161kola 2018\/2019.<\/strong><\/p>\n<p style=\"text-align: center;\">&nbsp;<\/p>\n<p>Ministarstvo za obrazovanje, nauku i mlade Kantona Sarajevo je u petak 7. septembra 2018. godine organizovalo sve\u010danost za najizvrsnije u\u010denike osnovnih i srednjih \u0161kola Kantona Sarajevo koji su se protekle godine posebno istakli u svojim nastavnim i vannastavnim aktivnostima.Kroz ove aktivnosti u\u010denici su pomogli realizaciji mnogih projekata i promociji \u0161kole.<\/p>\n<p>Tim povodom je u BKC uprili\u010dena&nbsp; sve\u010dana promocija u\u010denika svih osnovnih i srednjih \u0161kola Kantona Sarajevo koji su se dokazali svojim zalaganjem u \u0161k. 2017\/2018. i doprinijeli u radu \u0161kole. Promocija u\u010denika uprili\u010dena je u saradnji sa \u0161kolama, uz prigodnu sve\u010danost u Domu mladih kojoj su prisustvovali roditelji, nastavnici i direktori \u0161kola.<\/p>\n<p>Ovaj na\u010din nagra\u0111ivanja u\u010denika je jedan vid motivacije, pohvala i priznanje za sav njihov trud, rad i zalaganje.U\u010denica na\u0161e \u0161kole, \u0160kole za srednje stru\u010dno obrazovanje i radno osposobljavanje&nbsp; je bila iznena\u0111enja ovim pozivom i odu\u0161evljena \u0161to je izabrana kao najizvrsnija u\u010denica \u0161kole.<\/p>\n<p>Ovom prilikom, ministar je istaknutim u\u010denicima uru\u010dio prigodne edukativne poklone i poru\u010dio da nastave sa svojim zalaganjima i uspjesima.Projekat o nagra\u0111iavnju u\u010denika pokrenut prije tri godine treba nastaviti,potrdili su prisutnbi gosti.<\/p>\n<p>&nbsp;<\/p>\n<p style=\"text-align: center;\"><img loading=\"lazy\" decoding=\"async\" class=\"aligncenter size-medium wp-image-942\" src=\"https:\/\/strucnoobraz.edu.ba\/wp-content\/uploads\/sl-3-300x206.png\" alt=\"\" width=\"300\" height=\"206\" srcset=\"https:\/\/strucnoobraz.edu.ba\/wp-content\/uploads\/sl-3-300x206.png 300w, https:\/\/strucnoobraz.edu.ba\/wp-content\/uploads\/sl-3.png 529w\" sizes=\"auto, (max-width: 300px) 100vw, 300px\" \/><\/p>\n","protected":false},"excerpt":{"rendered":"<p>Sve\u010danost u \u010dast istaknutih&nbsp;&nbsp; osnovaca i srednjo\u0161kolaca Kantona Sarajevo-novosti &nbsp; Promocija najizvrsnijih u\u010denika osnovnih i srednjih \u0161kola 2018\/2019. &nbsp; Ministarstvo za obrazovanje, nauku i mlade Kantona Sarajevo je u petak 7. septembra 2018. godine organizovalo sve\u010danost za najizvrsnije u\u010denike osnovnih &hellip; <a href=\"https:\/\/strucnoobraz.edu.ba\/?p=943\">Continue reading <span class=\"meta-nav\">&rarr;<\/span><\/a><\/p>\n","protected":false},"author":1,"featured_media":942,"comment_status":"closed","ping_status":"open","sticky":false,"template":"","format":"standard","meta":{"footnotes":""},"categories":[4],"tags":[],"class_list":["post-943","post","type-post","status-publish","format-standard","has-post-thumbnail","hentry","category-novosti"],"_links":{"self":[{"href":"https:\/\/strucnoobraz.edu.ba\/index.php?rest_route=\/wp\/v2\/posts\/943","targetHints":{"allow":["GET"]}}],"collection":[{"href":"https:\/\/strucnoobraz.edu.ba\/index.php?rest_route=\/wp\/v2\/posts"}],"about":[{"href":"https:\/\/strucnoobraz.edu.ba\/index.php?rest_route=\/wp\/v2\/types\/post"}],"author":[{"embeddable":true,"href":"https:\/\/strucnoobraz.edu.ba\/index.php?rest_route=\/wp\/v2\/users\/1"}],"replies":[{"embeddable":true,"href":"https:\/\/strucnoobraz.edu.ba\/index.php?rest_route=%2Fwp%2Fv2%2Fcomments&post=943"}],"version-history":[{"count":1,"href":"https:\/\/strucnoobraz.edu.ba\/index.php?rest_route=\/wp\/v2\/posts\/943\/revisions"}],"predecessor-version":[{"id":944,"href":"https:\/\/strucnoobraz.edu.ba\/index.php?rest_route=\/wp\/v2\/posts\/943\/revisions\/944"}],"wp:featuredmedia":[{"embeddable":true,"href":"https:\/\/strucnoobraz.edu.ba\/index.php?rest_route=\/wp\/v2\/media\/942"}],"wp:attachment":[{"href":"https:\/\/strucnoobraz.edu.ba\/index.php?rest_route=%2Fwp%2Fv2%2Fmedia&parent=943"}],"wp:term":[{"taxonomy":"category","embeddable":true,"href":"https:\/\/strucnoobraz.edu.ba\/index.php?rest_route=%2Fwp%2Fv2%2Fcategories&post=943"},{"taxonomy":"post_tag","embeddable":true,"href":"https:\/\/strucnoobraz.edu.ba\/index.php?rest_route=%2Fwp%2Fv2%2Ftags&post=943"}],"curies":[{"name":"wp","href":"https:\/\/api.w.org\/{rel}","templated":true}]}}