{"id":93,"date":"2013-06-12T13:41:43","date_gmt":"2013-06-12T11:41:43","guid":{"rendered":"http:\/\/strucnoobraz.web.ba\/?p=93"},"modified":"2013-06-12T20:43:04","modified_gmt":"2013-06-12T18:43:04","slug":"posjeta-nastavnika-sssoiro-zavodu-mjedenica","status":"publish","type":"post","link":"https:\/\/strucnoobraz.edu.ba\/?p=93","title":{"rendered":"Posjeta nastavnika \u0160SSOiRO Zavodu Mjedenica"},"content":{"rendered":"<p>Uposlenici na\u0161e \u0161kole su u toku mjeseca marta 2011. godine posjetili Zavod Mjedenicu koja se nlazi u Sarajevu. Cilj posjete bio je da se profesori \u0160kole za srednje stru\u010dno obrazovanje i radno osposobljavanje upoznaju sa \u017eivotom i radom u Zavodu. Posjeta je bila naro\u010dito va\u017ena za u\u010denike koji spavaju i borave u Zavodu, a \u0161koluju se u srednjoj \u0161koli.<\/p>\n<p><a href=\"https:\/\/strucnoobraz.edu.ba\/wp-content\/uploads\/2013\/06\/u-mjedenici.bmp\"><img decoding=\"async\" class=\"alignleft size-medium wp-image-94\" alt=\"u mjedenici\" src=\"https:\/\/strucnoobraz.edu.ba\/wp-content\/uploads\/2013\/06\/u-mjedenici.bmp\" \/><\/a>Direktor Asimovi\u0107 bio je doma\u0107in zajedno sa psihologinjom Sanelom i socijalnom radnicom Elmom. Budu\u0107i da je direktor \u0160kole za srednje stru\u010dno obrazovanje i radno osposobljavanje iz Sarajeva, g-din Edin Pita bio upu\u0107en u dosada\u0161nji rad Zavoda, predvodio je zajedno sa doma\u0107inom Zavoda, nastavnice na\u0161e \u0161kole. Gosti su posjetili u\u010dionice i vidjeli kako se odvija nastava u glavnoj zgradi, kao i domski smje\u0161taj u drugom dijelu Zavoda. Nastavnici su na kraju posjete bili pozvani na ugodno dru\u017eenje uz kafu, te su dogovorili i nastavak suradnje i posjete izme\u0111u pomenute dvije ustanove.<\/p>\n","protected":false},"excerpt":{"rendered":"<p>Uposlenici na\u0161e \u0161kole su u toku mjeseca marta 2011. godine posjetili Zavod Mjedenicu koja se nlazi u Sarajevu. Cilj posjete bio je da se profesori \u0160kole za srednje stru\u010dno obrazovanje i radno osposobljavanje upoznaju sa \u017eivotom i radom u Zavodu. &hellip; <a href=\"https:\/\/strucnoobraz.edu.ba\/?p=93\">Continue reading <span class=\"meta-nav\">&rarr;<\/span><\/a><\/p>\n","protected":false},"author":1,"featured_media":0,"comment_status":"closed","ping_status":"open","sticky":false,"template":"","format":"standard","meta":{"footnotes":""},"categories":[4],"tags":[],"class_list":["post-93","post","type-post","status-publish","format-standard","hentry","category-novosti"],"_links":{"self":[{"href":"https:\/\/strucnoobraz.edu.ba\/index.php?rest_route=\/wp\/v2\/posts\/93","targetHints":{"allow":["GET"]}}],"collection":[{"href":"https:\/\/strucnoobraz.edu.ba\/index.php?rest_route=\/wp\/v2\/posts"}],"about":[{"href":"https:\/\/strucnoobraz.edu.ba\/index.php?rest_route=\/wp\/v2\/types\/post"}],"author":[{"embeddable":true,"href":"https:\/\/strucnoobraz.edu.ba\/index.php?rest_route=\/wp\/v2\/users\/1"}],"replies":[{"embeddable":true,"href":"https:\/\/strucnoobraz.edu.ba\/index.php?rest_route=%2Fwp%2Fv2%2Fcomments&post=93"}],"version-history":[{"count":2,"href":"https:\/\/strucnoobraz.edu.ba\/index.php?rest_route=\/wp\/v2\/posts\/93\/revisions"}],"predecessor-version":[{"id":243,"href":"https:\/\/strucnoobraz.edu.ba\/index.php?rest_route=\/wp\/v2\/posts\/93\/revisions\/243"}],"wp:attachment":[{"href":"https:\/\/strucnoobraz.edu.ba\/index.php?rest_route=%2Fwp%2Fv2%2Fmedia&parent=93"}],"wp:term":[{"taxonomy":"category","embeddable":true,"href":"https:\/\/strucnoobraz.edu.ba\/index.php?rest_route=%2Fwp%2Fv2%2Fcategories&post=93"},{"taxonomy":"post_tag","embeddable":true,"href":"https:\/\/strucnoobraz.edu.ba\/index.php?rest_route=%2Fwp%2Fv2%2Ftags&post=93"}],"curies":[{"name":"wp","href":"https:\/\/api.w.org\/{rel}","templated":true}]}}