{"id":90,"date":"2013-06-12T13:40:14","date_gmt":"2013-06-12T11:40:14","guid":{"rendered":"http:\/\/strucnoobraz.web.ba\/?p=90"},"modified":"2016-11-11T08:51:55","modified_gmt":"2016-11-11T07:51:55","slug":"izvjestaj-skolskih-aktivnosti-u-periodu-01-09-2010-01-03-2011","status":"publish","type":"post","link":"https:\/\/strucnoobraz.edu.ba\/?p=90","title":{"rendered":"Izvje\u0161taj \u0161kolskih aktivnosti u periodu 01.09.2010.-01.03.2011."},"content":{"rendered":"<p><a href=\"https:\/\/strucnoobraz.edu.ba\/wp-content\/uploads\/2013\/06\/izvjee.bmp\"><img decoding=\"async\" class=\"alignleft size-medium wp-image-91\" src=\"https:\/\/strucnoobraz.edu.ba\/wp-content\/uploads\/2013\/06\/izvjee.bmp\" alt=\"izvjee\"><\/a>&#8211;&nbsp;&nbsp; &nbsp;u\u010denici na\u0161e \u0161kole zajedno sa prof. Amrom Beganovi\u0107 u\u010destvovali su u projektu volontiraj \u2013 kreditiraj . Ovaj projekat pru\u017ea mladim ljudima da stupe u kontakt sa potencijalnim poslodavcima iz poslovnog svijeta , vladinih institucija i nevladinih organizacija<br \/>\n&#8211;&nbsp;&nbsp; &nbsp;uposlenici \u0161kole bili su na iftaru u restoranu \u201e Radon Plaza \u201e<br \/>\n&#8211;&nbsp;&nbsp; &nbsp;5. oktobra obilje\u017een je Dan u\u010ditelja , uposleni \u0161kole bili su na ru\u010dku u restoranu \u201e Han \u201e na Bjela\u0161nici<br \/>\n&#8211;&nbsp;&nbsp; &nbsp;U\u010denici zajedno sa prof. Aidom Ahmetoviem u\u010destvuju u projektu \u201e Socijalno uklju\u010divanje djece sa pote\u0161ko\u0107ama u razvoju kroz sport \u201e<br \/>\n&#8211;&nbsp;&nbsp; &nbsp;16. oktobra u\u010denici su u\u010detvovali na dr\u017eavnom prvenstvu u plivanju , na\u0161u \u0161kolu su predstavljala 4 u\u010denika koji su osvojili 3 zlata i 1 srebro : \u010cakalovi\u0107 Amanda I mjesto , Kujovi\u0107 Arnela I mjesto , Cernica Mirza I mjesto i Sadikovi\u0107 Emir II mjesto .<br \/>\n&#8211;&nbsp;&nbsp; &nbsp;19. oktobra na\u0161u \u0161kolu je posjetio visoki predstavnik Valentin Inzko , cilj posjete je bila donacija za na\u0161u \u0161kolu ( ra\u010dunari , radni stolovi , dvije ma\u0161ine za pranje automobila i kancelariski materijal &#8230;)<br \/>\n&#8211;&nbsp;&nbsp; &nbsp;27. oktobra gosp. Mirsad \u0160ukalo iz firme \u201e Gong \u201e&nbsp; je besplatno od\u0161tampao prvu skriptu iz Geografije u vi\u0161e primjeraka , koju je napisala prof . Inga Bi\u0161\u010devi\u0107<br \/>\n&#8211;&nbsp;&nbsp; &nbsp;05. novembra uposlenici \u0161kole bili su na izletu na \u010cavljaku<br \/>\n&#8211;&nbsp;&nbsp; &nbsp;Posjeta Zemaljskom muzeju sa prof.Suadom , Vesnom i nastavnicom Vahidom<br \/>\n&#8211;&nbsp;&nbsp; &nbsp;12. novembra prof. Lejla sa u\u010denicima I1 posjetila je Sajam kuharstva ( takmi\u010denje izme\u0111u ugostiteljsko \u2013 turisti\u010dkih \u0161kola)<br \/>\n&#8211;&nbsp;&nbsp; &nbsp;13. novembra u\u010denici na\u0161e \u0161kole u\u010destvovali su na Dr\u017eavnom prvenstvu u odbojci . Mu\u0161ka ekipa osvojila je III mjesto u II diviziji , a \u017eenska ekipa II mjesto u I diviziji<br \/>\n&#8211;&nbsp;&nbsp; &nbsp;14 . novembra u\u010denici Alji\u0107 Toni , \u010cakalovi\u0107 Amanda i Spahi\u0107 Alen u\u010destvovali su zajednio sa prof. Beganovi\u0107 Amrom i nastavnicom Vahidom Dai\u0111i\u0107 na Sajmu kreditiranja tj. predstavljanju projekta \u201e Eko drug \u201e . Gdje su se uspje\u0161no plasirali i osvojili novac za realizaciju projekta me\u0111u prve 32 \u0161kole od ukupno 130 \u0161kola iz cijele BiH.<br \/>\n&#8211;&nbsp;&nbsp; &nbsp;15. novembra u prostorijama \u0161kole organizovana je proslava za na\u0161e u\u010denike , povodom bajrama<br \/>\n&#8211;&nbsp;&nbsp; &nbsp;22. novembra na\u0161u \u0161kolu je posjetio frizer Halid Selvi\u0107 iz frizerskog salona \u201e 7 \u201e i tom prilikom poklonio besplatno \u0161i\u0161anje za 10 \u2013 tak na\u0161ih u\u010denika<br \/>\n&#8211;&nbsp;&nbsp; &nbsp;24. novembra obilje\u017een je 25 . novembar Dan dr\u017eavnosti BiH.<br \/>\n&#8211;&nbsp;&nbsp; &nbsp;29 . novembra u\u010denici I1 zajedno sa razrednicom Lejlom Kadriba\u0161i\u0107 posjetili su Art ku\u0107u sevdaha<br \/>\n&#8211;&nbsp;&nbsp; &nbsp;29 novembra prof. Lejla Kadriba\u0161i\u0107 i Aida Hod\u017ei\u0107 bili su na prezentaciji teme \u201e Strategija mladih \/ akcioni plan op\u0107ine Novo Sarajevo \u201e .<br \/>\n&#8211;&nbsp;&nbsp; &nbsp;30. novembra u\u010denici I3 i II 1 zajedno sa prof.Elvirom Dautba\u0161i\u0107 i Amrom Beganovi\u0107 posjetili su Art ku\u0107u sevdaha<br \/>\n&#8211;&nbsp;&nbsp; &nbsp;5. decembra Kujovi\u0107 Miralem je osvojio diplomu kao jedan od najboljih literarnih radova na temu \u201e Kora\u010damo stazama hrabrih vitezova na\u0161e domovine \u201e<br \/>\n&#8211;&nbsp;&nbsp; &nbsp;7. decembar u\u010denici II 3 sa razrednikom Ned\u017eadom Zaganjorom bili su u Zemaljskom muzeju<br \/>\n&#8211;&nbsp;&nbsp; &nbsp;22. decembra u\u010denici I1 razreda zajedno sa profesoricom Lejlom Kadriba\u0161i\u0107 posjetili su Turisti\u010dko \u2013 ugostiteljsku \u0161kolu u Sarajevu<br \/>\n&#8211;&nbsp;&nbsp; &nbsp;30.decembra \u2013 zavr\u0161en je projekat \u00a8 Socijalno uklju\u010divanje djece sa pote\u0161ko\u0107ama u razvoju kroz sport \u00a8 , u kojem su u\u010destvovali u\u010denici na\u0161e \u0161kole<br \/>\n&#8211;&nbsp;&nbsp; &nbsp;30. decembra za u\u010denike je organizovana novogodi\u0161nja priredba<br \/>\n&#8211;&nbsp;&nbsp; &nbsp;01.januara&nbsp; zimski raspust<br \/>\n&#8211;&nbsp;&nbsp; &nbsp;01. februar&nbsp; &#8211; po\u010dele sa radom u na\u0161oj \u0161koli kao priprevnice Vedrana Matovi\u0107 socijalna radnica i Saliha Mo\u010devi\u0107<br \/>\n&#8211;&nbsp;&nbsp; &nbsp;08. i 09. februara&nbsp; pedagog \u0161kole Jasna Durgut , defektolog Inga Bi\u0161\u010devi\u0107 i pripravnica socijalna radnica Marizela Jela\u010di\u0107&nbsp; prisustvovale su seminaru na temu \u00a8 Univerzalna prevencija ovisnosti \u00a8 koji je odrzan u Javnoj ustanovi \u00a8 Terapijske zajednice \u2013 Kampus \u00a8.<br \/>\n&#8211;&nbsp;&nbsp; &nbsp;10.februara novi uposlenici \u0161kole posjetili su Centar Vladim Nazor i upoznali se sa na\u010dinom i uslovima&nbsp; rada te ustnove<br \/>\n&#8211;&nbsp;&nbsp; &nbsp;15. februara u okviru profesionalne orjentacije pedagog \u0161kole Jasna D. , defektolozi&nbsp; Inga Bi\u0161\u010devi\u0107 i Amra Beganovi\u0107 posjetile su O.\u0160. \u00a8 Zajko Deli\u0107 \u00a8<br \/>\n&#8211;&nbsp;&nbsp; &nbsp;16. februara u okviru profesionalne orjentacije posjetili smo i Centar Vladimir Nazor ( pedagog \u0161kole Jasna Durgut , pripravnice socijalna radnica Marizela Jela\u010di\u0107 i psihologinja Mina Krki\u0107 \u2013 Pa\u0161i\u0107 ) i upoznali u\u010denike i roditelje sa na\u0161im aktuelnim zanimanjima i na\u010dinom rada u na\u0161oj \u0161koli .<br \/>\n&#8211;&nbsp;&nbsp; &nbsp;17.februara u\u010denici I 2 , II 3 i IV 2 razreda sa profesorima Zaganjor Nedzadom i Spahi\u0107 Jasminom posjetili su umjetni\u010dku galeriju<br \/>\n&#8211;&nbsp;&nbsp; &nbsp;22. februara&nbsp; u\u010denici VIII razreda sa vaspita\u010dima&nbsp;&nbsp; Zavoda \u00a8 Mjedenica \u00a8 posjetili su na\u0161u \u0161kolu i upoznali se sa zanimanjima koje im pruza na\u0161a \u0161kola , na\u010dinom rada , uslovima i osobljem na\u0161e \u0161kole .<br \/>\n&#8211;&nbsp;&nbsp; &nbsp;23. februara u\u010denici sa roditeljima i vaspita\u010dima iz Centra \u00a8 Vladimir Nazor \u00a8 posjetili su na\u0161u \u0161kolu i upoznali se sa zanimanjima koje im pruza na\u0161a \u0161kola , na\u010dinom rada , uslovima i osobljem na\u0161e \u0161kole.<\/p>\n","protected":false},"excerpt":{"rendered":"<p>&#8211;&nbsp;&nbsp; &nbsp;u\u010denici na\u0161e \u0161kole zajedno sa prof. Amrom Beganovi\u0107 u\u010destvovali su u projektu volontiraj \u2013 kreditiraj . Ovaj projekat pru\u017ea mladim ljudima da stupe u kontakt sa potencijalnim poslodavcima iz poslovnog svijeta , vladinih institucija i nevladinih organizacija &#8211;&nbsp;&nbsp; &nbsp;uposlenici &hellip; <a href=\"https:\/\/strucnoobraz.edu.ba\/?p=90\">Continue reading <span class=\"meta-nav\">&rarr;<\/span><\/a><\/p>\n","protected":false},"author":1,"featured_media":91,"comment_status":"closed","ping_status":"open","sticky":false,"template":"","format":"standard","meta":{"footnotes":""},"categories":[4],"tags":[],"class_list":["post-90","post","type-post","status-publish","format-standard","has-post-thumbnail","hentry","category-novosti"],"_links":{"self":[{"href":"https:\/\/strucnoobraz.edu.ba\/index.php?rest_route=\/wp\/v2\/posts\/90","targetHints":{"allow":["GET"]}}],"collection":[{"href":"https:\/\/strucnoobraz.edu.ba\/index.php?rest_route=\/wp\/v2\/posts"}],"about":[{"href":"https:\/\/strucnoobraz.edu.ba\/index.php?rest_route=\/wp\/v2\/types\/post"}],"author":[{"embeddable":true,"href":"https:\/\/strucnoobraz.edu.ba\/index.php?rest_route=\/wp\/v2\/users\/1"}],"replies":[{"embeddable":true,"href":"https:\/\/strucnoobraz.edu.ba\/index.php?rest_route=%2Fwp%2Fv2%2Fcomments&post=90"}],"version-history":[{"count":3,"href":"https:\/\/strucnoobraz.edu.ba\/index.php?rest_route=\/wp\/v2\/posts\/90\/revisions"}],"predecessor-version":[{"id":715,"href":"https:\/\/strucnoobraz.edu.ba\/index.php?rest_route=\/wp\/v2\/posts\/90\/revisions\/715"}],"wp:featuredmedia":[{"embeddable":true,"href":"https:\/\/strucnoobraz.edu.ba\/index.php?rest_route=\/wp\/v2\/media\/91"}],"wp:attachment":[{"href":"https:\/\/strucnoobraz.edu.ba\/index.php?rest_route=%2Fwp%2Fv2%2Fmedia&parent=90"}],"wp:term":[{"taxonomy":"category","embeddable":true,"href":"https:\/\/strucnoobraz.edu.ba\/index.php?rest_route=%2Fwp%2Fv2%2Fcategories&post=90"},{"taxonomy":"post_tag","embeddable":true,"href":"https:\/\/strucnoobraz.edu.ba\/index.php?rest_route=%2Fwp%2Fv2%2Ftags&post=90"}],"curies":[{"name":"wp","href":"https:\/\/api.w.org\/{rel}","templated":true}]}}