{"id":879,"date":"2018-03-16T15:59:58","date_gmt":"2018-03-16T14:59:58","guid":{"rendered":"http:\/\/strucnoobraz.edu.ba\/?p=879"},"modified":"2018-05-06T16:00:29","modified_gmt":"2018-05-06T14:00:29","slug":"posjeta-gast-fest-u-u-skenderiji","status":"publish","type":"post","link":"https:\/\/strucnoobraz.edu.ba\/?p=879","title":{"rendered":"POSJETA  GAST FEST-u U SKENDERIJI"},"content":{"rendered":"<p style=\"text-align: center;\"><strong>POSJETA&nbsp; GAST FESTU U SKENDERIJI&nbsp; <\/strong><\/p>\n<p>U periodu od 15. do 17. marta u sarajevskom Domu mladih centra Skenderija, odr\u017ean je prvi regionalni sajam gastronomije i ugostiteljstva. Ovaj predivan sajam su u petak, 16 marta posjetili i u\u010denici na\u0161e \u0161kole, u\u010denici III1 i IV1 razred azajedno sa profesoricama Almom Bandi\u0107 i Merimom Sivac.<\/p>\n<p>GAST FEST sajam je okupio 50 izlaga\u010da iz na\u0161e zemlje, Crne Gore, Hrvatske i&nbsp; Srbije. Na sajmu su predstavljeni prehrambeni, tekstilni i tehni\u010dki sektori namijenjeni ugostiteljima, hotelijerima i somelijerima. Mnoge posjetitelje su privukle prezentacije izlaga\u010da, a na\u0161e u\u010denike su najvi\u0161e privukli cooking show-ovi, poznata kuharska lica kao \u0161to su njema\u010dki kuhar Robert Koch, Domagoj \u017dulji Morana Mija\u010d, pobjednici kulinarskog showa u Hrvatskoj, te poznato kulinarsko lice Adnan Hamzi\u0107 kao i mnogi drugi poznati gastronomi koji su u\u010destvovali na takmi\u010denju. Pobjednici su bili nagra\u0111eni specijalnim nagradama.<\/p>\n<p>Posjeta ovakvim manifestacijama je bila nezaboravno iskustvo na\u0161im u\u010denicima i pouka da je praksa veoma bitan segment u obrazovanju,a gastronomija vje\u0161tina koja se stalno mora usvr\u0161avati.<\/p>\n<p><img loading=\"lazy\" decoding=\"async\" class=\"aligncenter size-medium wp-image-878\" src=\"https:\/\/strucnoobraz.edu.ba\/wp-content\/uploads\/gast-300x217.jpg\" alt=\"\" width=\"300\" height=\"217\" srcset=\"https:\/\/strucnoobraz.edu.ba\/wp-content\/uploads\/gast-300x217.jpg 300w, https:\/\/strucnoobraz.edu.ba\/wp-content\/uploads\/gast.jpg 513w\" sizes=\"auto, (max-width: 300px) 100vw, 300px\" \/><\/p>\n","protected":false},"excerpt":{"rendered":"<p>POSJETA&nbsp; GAST FESTU U SKENDERIJI&nbsp; U periodu od 15. do 17. marta u sarajevskom Domu mladih centra Skenderija, odr\u017ean je prvi regionalni sajam gastronomije i ugostiteljstva. Ovaj predivan sajam su u petak, 16 marta posjetili i u\u010denici na\u0161e \u0161kole, u\u010denici &hellip; <a href=\"https:\/\/strucnoobraz.edu.ba\/?p=879\">Continue reading <span class=\"meta-nav\">&rarr;<\/span><\/a><\/p>\n","protected":false},"author":1,"featured_media":878,"comment_status":"closed","ping_status":"open","sticky":false,"template":"","format":"standard","meta":{"footnotes":""},"categories":[4],"tags":[],"class_list":["post-879","post","type-post","status-publish","format-standard","has-post-thumbnail","hentry","category-novosti"],"_links":{"self":[{"href":"https:\/\/strucnoobraz.edu.ba\/index.php?rest_route=\/wp\/v2\/posts\/879","targetHints":{"allow":["GET"]}}],"collection":[{"href":"https:\/\/strucnoobraz.edu.ba\/index.php?rest_route=\/wp\/v2\/posts"}],"about":[{"href":"https:\/\/strucnoobraz.edu.ba\/index.php?rest_route=\/wp\/v2\/types\/post"}],"author":[{"embeddable":true,"href":"https:\/\/strucnoobraz.edu.ba\/index.php?rest_route=\/wp\/v2\/users\/1"}],"replies":[{"embeddable":true,"href":"https:\/\/strucnoobraz.edu.ba\/index.php?rest_route=%2Fwp%2Fv2%2Fcomments&post=879"}],"version-history":[{"count":2,"href":"https:\/\/strucnoobraz.edu.ba\/index.php?rest_route=\/wp\/v2\/posts\/879\/revisions"}],"predecessor-version":[{"id":881,"href":"https:\/\/strucnoobraz.edu.ba\/index.php?rest_route=\/wp\/v2\/posts\/879\/revisions\/881"}],"wp:featuredmedia":[{"embeddable":true,"href":"https:\/\/strucnoobraz.edu.ba\/index.php?rest_route=\/wp\/v2\/media\/878"}],"wp:attachment":[{"href":"https:\/\/strucnoobraz.edu.ba\/index.php?rest_route=%2Fwp%2Fv2%2Fmedia&parent=879"}],"wp:term":[{"taxonomy":"category","embeddable":true,"href":"https:\/\/strucnoobraz.edu.ba\/index.php?rest_route=%2Fwp%2Fv2%2Fcategories&post=879"},{"taxonomy":"post_tag","embeddable":true,"href":"https:\/\/strucnoobraz.edu.ba\/index.php?rest_route=%2Fwp%2Fv2%2Ftags&post=879"}],"curies":[{"name":"wp","href":"https:\/\/api.w.org\/{rel}","templated":true}]}}