{"id":865,"date":"2018-02-06T15:42:45","date_gmt":"2018-02-06T14:42:45","guid":{"rendered":"http:\/\/strucnoobraz.edu.ba\/?p=865"},"modified":"2018-05-06T15:43:01","modified_gmt":"2018-05-06T13:43:01","slug":"dani-kulture-irana-gradska-vijecnica","status":"publish","type":"post","link":"https:\/\/strucnoobraz.edu.ba\/?p=865","title":{"rendered":"DANI KULTURE IRANA-GRADSKA VIJE\u0106NICA"},"content":{"rendered":"<p style=\"text-align: center;\"><strong>POSJETA DANI KULTURE IRANA-GRADSKA VIJE\u0106NICA<\/strong><\/p>\n<p>U mjesecu febraru u periodu od 5. do 11. februara uprili\u010deni su Dani kulture Irana 2018. godine u gradskoj biblioteci Vije\u0107nici koju su posjetitli u\u010denici na\u0161e \u0161kole od I do IV razreda.Uz prisustvo nastavnika na\u0161i u\u010denici su u\u017eivali u obilasku predivne Vije\u0107nice, gdje su bili izlo\u017eeni&nbsp; umjetni\u010dki radovi&nbsp; poznatih iranskih kaligrafa&nbsp; kojim je prezentirana kultura Iranskog naroda iz predivnog grada Tabraza.<\/p>\n<p><strong>Otvaranje izlo\u017ebe je po\u010delo koncertomtradicionalneiranskemuzikeiizlo\u017ebomiranskihumjetnikauponedjeljak, 13. februara u 19.00 sati u auli Vije\u0107nice.<\/strong>Osam iranskih umjetnika iz provincije Isfahan, predstavili su svoje radove kroz izlo\u017ebu, okrugle stolove, radionice i koncert.<\/p>\n<p><strong>Ve\u0107inu ove egzoti\u010dne izlo\u017ebe \u010dinili su kaligrafski radovi, iranske minijature,koje \u010dine najpoznatije forme iranskog slikarstva, te drvorezi (mo\u2018raq) i rukotvorine (rezbarije, emajliranoposu\u0111e, grn\u010darije, ukrasnipredmetira\u0111eniukombinacijislonova\u010de, drvetaidevinekosti). <\/strong>Uprili\u010dena i j<strong>edinstvena izlo\u017eba fotografija Isfahana, jednog od najljep\u0161ih gradova Irana.<\/strong><\/p>\n<p>Cilj ove izlo\u017ebe bio je razmjena kultura dviju zemalja IR Iran i Bosne i Hercegovine,koje su realizovale Iranski kulturni centar, Grad Sarajevo, Likovna i Muzi\u010dka akademija, Federalno ministarstvo kulture i sporta, te Fondacija za muzi\u010dke, scenske i likovne umjetnosti pomenutog ministarstva.<\/p>\n<p><strong>Ovu izuzetnu izlo\u017ebu umjetnika iz prijateljskog Irana bili su u prilici vidjeti i gra\u0111ani i gosti grada Sarajeva, u\u010dnici sarajevskih osnovnih i srednjih \u0161kola kao i mnogi drugi gosti i turisti.<\/strong><\/p>\n<p><img loading=\"lazy\" decoding=\"async\" class=\"aligncenter size-medium wp-image-864\" src=\"https:\/\/strucnoobraz.edu.ba\/wp-content\/uploads\/iran-300x160.jpg\" alt=\"\" width=\"300\" height=\"160\" srcset=\"https:\/\/strucnoobraz.edu.ba\/wp-content\/uploads\/iran-300x160.jpg 300w, https:\/\/strucnoobraz.edu.ba\/wp-content\/uploads\/iran.jpg 761w\" sizes=\"auto, (max-width: 300px) 100vw, 300px\" \/><\/p>\n","protected":false},"excerpt":{"rendered":"<p>POSJETA DANI KULTURE IRANA-GRADSKA VIJE\u0106NICA U mjesecu febraru u periodu od 5. do 11. februara uprili\u010deni su Dani kulture Irana 2018. godine u gradskoj biblioteci Vije\u0107nici koju su posjetitli u\u010denici na\u0161e \u0161kole od I do IV razreda.Uz prisustvo nastavnika na\u0161i &hellip; <a href=\"https:\/\/strucnoobraz.edu.ba\/?p=865\">Continue reading <span class=\"meta-nav\">&rarr;<\/span><\/a><\/p>\n","protected":false},"author":1,"featured_media":864,"comment_status":"closed","ping_status":"open","sticky":false,"template":"","format":"standard","meta":{"footnotes":""},"categories":[4],"tags":[],"class_list":["post-865","post","type-post","status-publish","format-standard","has-post-thumbnail","hentry","category-novosti"],"_links":{"self":[{"href":"https:\/\/strucnoobraz.edu.ba\/index.php?rest_route=\/wp\/v2\/posts\/865","targetHints":{"allow":["GET"]}}],"collection":[{"href":"https:\/\/strucnoobraz.edu.ba\/index.php?rest_route=\/wp\/v2\/posts"}],"about":[{"href":"https:\/\/strucnoobraz.edu.ba\/index.php?rest_route=\/wp\/v2\/types\/post"}],"author":[{"embeddable":true,"href":"https:\/\/strucnoobraz.edu.ba\/index.php?rest_route=\/wp\/v2\/users\/1"}],"replies":[{"embeddable":true,"href":"https:\/\/strucnoobraz.edu.ba\/index.php?rest_route=%2Fwp%2Fv2%2Fcomments&post=865"}],"version-history":[{"count":1,"href":"https:\/\/strucnoobraz.edu.ba\/index.php?rest_route=\/wp\/v2\/posts\/865\/revisions"}],"predecessor-version":[{"id":866,"href":"https:\/\/strucnoobraz.edu.ba\/index.php?rest_route=\/wp\/v2\/posts\/865\/revisions\/866"}],"wp:featuredmedia":[{"embeddable":true,"href":"https:\/\/strucnoobraz.edu.ba\/index.php?rest_route=\/wp\/v2\/media\/864"}],"wp:attachment":[{"href":"https:\/\/strucnoobraz.edu.ba\/index.php?rest_route=%2Fwp%2Fv2%2Fmedia&parent=865"}],"wp:term":[{"taxonomy":"category","embeddable":true,"href":"https:\/\/strucnoobraz.edu.ba\/index.php?rest_route=%2Fwp%2Fv2%2Fcategories&post=865"},{"taxonomy":"post_tag","embeddable":true,"href":"https:\/\/strucnoobraz.edu.ba\/index.php?rest_route=%2Fwp%2Fv2%2Ftags&post=865"}],"curies":[{"name":"wp","href":"https:\/\/api.w.org\/{rel}","templated":true}]}}