{"id":862,"date":"2017-11-16T15:37:45","date_gmt":"2017-11-16T14:37:45","guid":{"rendered":"http:\/\/strucnoobraz.edu.ba\/?p=862"},"modified":"2018-05-06T15:38:18","modified_gmt":"2018-05-06T13:38:18","slug":"posjeta-izlozbi-svjetska-bastina-japana","status":"publish","type":"post","link":"https:\/\/strucnoobraz.edu.ba\/?p=862","title":{"rendered":"Posjeta izlo\u017ebi \u201eSvjetska ba\u0161tina Japana\u201c"},"content":{"rendered":"<p style=\"text-align: center;\"><strong><u>Posjeta izlo\u017ebi \u201eSvjetska ba\u0161tina Japana\u201c<\/u><\/strong><\/p>\n<p><strong><u>&nbsp;<\/u><\/strong><\/p>\n<p>&nbsp;<\/p>\n<p>&nbsp;&nbsp;&nbsp;&nbsp;&nbsp;&nbsp;&nbsp;&nbsp;&nbsp;&nbsp;&nbsp; Foto izlo\u017eba pod naslovom \u201eSvjetska izlo\u017eba Japana\u201c odr\u017eana je od 6. do 14. novembra 2017. u Brusa Bezistanu. Izlo\u017eeni radovi uklju\u010divali su panele fotografija na kojima su posjetioci mogli vidjeti prirodnu ba\u0161tinu Japana kao i hramove, te druge gra\u0111evine sa statusom svjetske ba\u0161tine dodijeljene od strane UNESCO-a.&nbsp;&nbsp;<\/p>\n<p>Posjeta je planirana u 14:00 sati te je u\u010denica III<sub>3 <\/sub>razreda Vasi\u0107 Ivona jedina imala strpljenja \u010dekati predvi\u0111eno vrijeme za posjetu.<\/p>\n<p><img loading=\"lazy\" decoding=\"async\" class=\"aligncenter size-medium wp-image-861\" src=\"https:\/\/strucnoobraz.edu.ba\/wp-content\/uploads\/ivona-216x300.jpg\" alt=\"\" width=\"216\" height=\"300\" srcset=\"https:\/\/strucnoobraz.edu.ba\/wp-content\/uploads\/ivona-216x300.jpg 216w, https:\/\/strucnoobraz.edu.ba\/wp-content\/uploads\/ivona.jpg 385w\" sizes=\"auto, (max-width: 216px) 100vw, 216px\" \/><\/p>\n","protected":false},"excerpt":{"rendered":"<p>Posjeta izlo\u017ebi \u201eSvjetska ba\u0161tina Japana\u201c &nbsp; &nbsp; &nbsp;&nbsp;&nbsp;&nbsp;&nbsp;&nbsp;&nbsp;&nbsp;&nbsp;&nbsp;&nbsp; Foto izlo\u017eba pod naslovom \u201eSvjetska izlo\u017eba Japana\u201c odr\u017eana je od 6. do 14. novembra 2017. u Brusa Bezistanu. Izlo\u017eeni radovi uklju\u010divali su panele fotografija na kojima su posjetioci mogli vidjeti prirodnu ba\u0161tinu &hellip; <a href=\"https:\/\/strucnoobraz.edu.ba\/?p=862\">Continue reading <span class=\"meta-nav\">&rarr;<\/span><\/a><\/p>\n","protected":false},"author":1,"featured_media":861,"comment_status":"closed","ping_status":"open","sticky":false,"template":"","format":"standard","meta":{"footnotes":""},"categories":[4],"tags":[],"class_list":["post-862","post","type-post","status-publish","format-standard","has-post-thumbnail","hentry","category-novosti"],"_links":{"self":[{"href":"https:\/\/strucnoobraz.edu.ba\/index.php?rest_route=\/wp\/v2\/posts\/862","targetHints":{"allow":["GET"]}}],"collection":[{"href":"https:\/\/strucnoobraz.edu.ba\/index.php?rest_route=\/wp\/v2\/posts"}],"about":[{"href":"https:\/\/strucnoobraz.edu.ba\/index.php?rest_route=\/wp\/v2\/types\/post"}],"author":[{"embeddable":true,"href":"https:\/\/strucnoobraz.edu.ba\/index.php?rest_route=\/wp\/v2\/users\/1"}],"replies":[{"embeddable":true,"href":"https:\/\/strucnoobraz.edu.ba\/index.php?rest_route=%2Fwp%2Fv2%2Fcomments&post=862"}],"version-history":[{"count":1,"href":"https:\/\/strucnoobraz.edu.ba\/index.php?rest_route=\/wp\/v2\/posts\/862\/revisions"}],"predecessor-version":[{"id":863,"href":"https:\/\/strucnoobraz.edu.ba\/index.php?rest_route=\/wp\/v2\/posts\/862\/revisions\/863"}],"wp:featuredmedia":[{"embeddable":true,"href":"https:\/\/strucnoobraz.edu.ba\/index.php?rest_route=\/wp\/v2\/media\/861"}],"wp:attachment":[{"href":"https:\/\/strucnoobraz.edu.ba\/index.php?rest_route=%2Fwp%2Fv2%2Fmedia&parent=862"}],"wp:term":[{"taxonomy":"category","embeddable":true,"href":"https:\/\/strucnoobraz.edu.ba\/index.php?rest_route=%2Fwp%2Fv2%2Fcategories&post=862"},{"taxonomy":"post_tag","embeddable":true,"href":"https:\/\/strucnoobraz.edu.ba\/index.php?rest_route=%2Fwp%2Fv2%2Ftags&post=862"}],"curies":[{"name":"wp","href":"https:\/\/api.w.org\/{rel}","templated":true}]}}