{"id":859,"date":"2017-10-10T15:33:42","date_gmt":"2017-10-10T13:33:42","guid":{"rendered":"http:\/\/strucnoobraz.edu.ba\/?p=859"},"modified":"2018-05-06T15:34:11","modified_gmt":"2018-05-06T13:34:11","slug":"dani-djecije-nedjelje-sretan-ces-biti-svijete-kad-usrecis-dijete","status":"publish","type":"post","link":"https:\/\/strucnoobraz.edu.ba\/?p=859","title":{"rendered":"DANI DJE\u010cIJE NEDJELJE-&#8220;Sretan \u0107e\u0161 biti, svijete, kad usre\u0107i\u0161 dijete&#8221;"},"content":{"rendered":"<p style=\"text-align: center;\"><strong>DANI DJE\u010cIJE NEDJELJE-<\/strong><strong>&#8220;Sretan \u0107e\u0161 biti, svijete, kad usre\u0107i\u0161 dijete&#8221;<\/strong><\/p>\n<p>Manifestacija <em>Dje\u010dija nedjelja<\/em>, koju tradicionalno organizira Ministarstvo za rad, socijalnu politiku, raseljene osobe i izbjeglice Kantona Sarajevo, kao i svake godine, odr\u017eana je i ove godine.Na\u0161i u\u010denici,kuhari su imali priliku da pripreme zakusku za goste i u\u010desnike na priredbi u Omladinskim centru Skenderija zajedno sa u\u010denicima iz Ugostiteljsko-turisti\u010dke \u0161kole.<\/p>\n<p>Dje\u010dija nedjelja u Kantonu Sarajevo je trajala od 2.10 . do&nbsp; 8.10. 2017. a otpo\u010dela je sve\u010danim programom u Domu mladih pod motom &#8220;Sretan \u0107e\u0161 biti, svijete, kad usre\u0107i\u0161 dijete&#8221;.Povodom ove manifestacije bilo je organizovano oko 200 aktivnosti&nbsp; obrazovnog, edukativnog i kulturnog karaktera u kojima su u\u010destvovala djeca.<\/p>\n<p>Kantonalna ministrica za rad, socijalnu politiku, raseljene osobe i izbjeglice Amela Dautbegovi\u0107 kazala je da je ova nedjelja posve\u0107ena djeci.<strong>&#8220;To je na\u0161a budu\u0107nost, djeca su vojska najja\u010da.&#8221;Kao i pro\u0161le godine akcent je bio na inkluziji<\/strong>, odnosno djeci s pote\u0161ko\u0107ama u razvoju, sve radi stvaranja dru\u0161tva jednakih mogu\u0107nosti&#8221;.Program je realizovan u &nbsp;koordinaciji s ustanovama iz oblasti socijalne i dje\u010dije za\u0161tite, pred\u0161kolskim i \u0161kolskim ustanovama, kulturnim institucijama&nbsp; te nevladinim organizacijama.<\/p>\n<p>Porfesorice Bandi\u0107 Alma i Vahida Dajd\u017ei\u0107 smatraju da je catering jedan veoma dobar na\u010din prezentacije hrane, koji ne nudi gostima &nbsp;samo zadovoljstvo nego prelijepo dru\u017eenje i veoma ukusnu hranu.U\u010denicima je ovo bilo jedno jo\u0161 jedno novo iskustvo i na\u010din da poka\u017eu svoje znanje i vje\u0161tine u kulinarstvu.Ovu manifestciju su uveli\u010dali i svi na\u0161i u\u010denici drugih i tre\u0107ih razreda na \u010delu sa direktorom Edinom Pitom i prof. Elvirom, Merimom Sivac i Lejlom Kuburom.<\/p>\n<p style=\"text-align: center;\"><img loading=\"lazy\" decoding=\"async\" class=\"aligncenter size-medium wp-image-858\" src=\"https:\/\/strucnoobraz.edu.ba\/wp-content\/uploads\/nedelj-300x128.jpg\" alt=\"\" width=\"300\" height=\"128\" srcset=\"https:\/\/strucnoobraz.edu.ba\/wp-content\/uploads\/nedelj-300x128.jpg 300w, https:\/\/strucnoobraz.edu.ba\/wp-content\/uploads\/nedelj.jpg 687w\" sizes=\"auto, (max-width: 300px) 100vw, 300px\" \/><\/p>\n<p style=\"text-align: center;\">&nbsp;<\/p>\n","protected":false},"excerpt":{"rendered":"<p>DANI DJE\u010cIJE NEDJELJE-&#8220;Sretan \u0107e\u0161 biti, svijete, kad usre\u0107i\u0161 dijete&#8221; Manifestacija Dje\u010dija nedjelja, koju tradicionalno organizira Ministarstvo za rad, socijalnu politiku, raseljene osobe i izbjeglice Kantona Sarajevo, kao i svake godine, odr\u017eana je i ove godine.Na\u0161i u\u010denici,kuhari su imali priliku da &hellip; <a href=\"https:\/\/strucnoobraz.edu.ba\/?p=859\">Continue reading <span class=\"meta-nav\">&rarr;<\/span><\/a><\/p>\n","protected":false},"author":1,"featured_media":858,"comment_status":"closed","ping_status":"open","sticky":false,"template":"","format":"standard","meta":{"footnotes":""},"categories":[4],"tags":[],"class_list":["post-859","post","type-post","status-publish","format-standard","has-post-thumbnail","hentry","category-novosti"],"_links":{"self":[{"href":"https:\/\/strucnoobraz.edu.ba\/index.php?rest_route=\/wp\/v2\/posts\/859","targetHints":{"allow":["GET"]}}],"collection":[{"href":"https:\/\/strucnoobraz.edu.ba\/index.php?rest_route=\/wp\/v2\/posts"}],"about":[{"href":"https:\/\/strucnoobraz.edu.ba\/index.php?rest_route=\/wp\/v2\/types\/post"}],"author":[{"embeddable":true,"href":"https:\/\/strucnoobraz.edu.ba\/index.php?rest_route=\/wp\/v2\/users\/1"}],"replies":[{"embeddable":true,"href":"https:\/\/strucnoobraz.edu.ba\/index.php?rest_route=%2Fwp%2Fv2%2Fcomments&post=859"}],"version-history":[{"count":1,"href":"https:\/\/strucnoobraz.edu.ba\/index.php?rest_route=\/wp\/v2\/posts\/859\/revisions"}],"predecessor-version":[{"id":860,"href":"https:\/\/strucnoobraz.edu.ba\/index.php?rest_route=\/wp\/v2\/posts\/859\/revisions\/860"}],"wp:featuredmedia":[{"embeddable":true,"href":"https:\/\/strucnoobraz.edu.ba\/index.php?rest_route=\/wp\/v2\/media\/858"}],"wp:attachment":[{"href":"https:\/\/strucnoobraz.edu.ba\/index.php?rest_route=%2Fwp%2Fv2%2Fmedia&parent=859"}],"wp:term":[{"taxonomy":"category","embeddable":true,"href":"https:\/\/strucnoobraz.edu.ba\/index.php?rest_route=%2Fwp%2Fv2%2Fcategories&post=859"},{"taxonomy":"post_tag","embeddable":true,"href":"https:\/\/strucnoobraz.edu.ba\/index.php?rest_route=%2Fwp%2Fv2%2Ftags&post=859"}],"curies":[{"name":"wp","href":"https:\/\/api.w.org\/{rel}","templated":true}]}}