{"id":856,"date":"2018-04-16T15:30:01","date_gmt":"2018-04-16T13:30:01","guid":{"rendered":"http:\/\/strucnoobraz.edu.ba\/?p=856"},"modified":"2018-05-06T15:30:19","modified_gmt":"2018-05-06T13:30:19","slug":"drzavno-prvenstvo-bih-u-inkluyivnoj-odbojci-sarajevo-2018","status":"publish","type":"post","link":"https:\/\/strucnoobraz.edu.ba\/?p=856","title":{"rendered":"DR\u017dAVNO PRVENSTVO BIH U INKLUYIVNOJ ODBOJCI \u2013 SARAJEVO 2018"},"content":{"rendered":"<p style=\"text-align: center;\"><strong>DR\u017dAVNO PRVENSTVO BIH U INKLUYIVNOJ ODBOJCI \u2013 SARAJEVO 2018<\/strong><\/p>\n<p>&nbsp;<\/p>\n<p style=\"text-align: left;\">&nbsp;&nbsp;&nbsp;&nbsp; Dana, 14.aprila 2018.godine, u Sarajevu je odr\u017eano Dr\u017eavno prvenstvo Specijalne olimpijade BiH u inkluzivnoj odbojci. Takmi\u010denje se odr\u017ealo u sportskoj dvorani 5.Gimnazije na Dobrinji. Tehni\u010dki organizator takmi\u010denja bio je Zavod Pazari\u0107.<\/p>\n<p style=\"text-align: left;\">Na ovom takmi\u010denje u\u010destvovalo je 8 ekipa iz cijele BiH.<\/p>\n<p style=\"text-align: left;\">I na\u0161a \u0161kola je uzela u\u010de\u0161\u0107e na ovom turniru. U konkurenciji djevojaka, \u017eenski odbojka\u0161ki tim na\u0161e \u0161kole osvojio je III mjesto.<\/p>\n<p style=\"text-align: left;\">Za odbojka\u0161ki tim \u0161kole nastupale su: Mi\u0161i\u0107 Vesna, \u0106orovi\u0107 Sanela, Brahaj Edisa, Sultanovi\u0107 Hiba te djevojke iz 5.Gimnazije: Buli\u0107 Karla i Zoronji\u0107 Ajla.<\/p>\n<p style=\"text-align: center;\"><img loading=\"lazy\" decoding=\"async\" class=\"aligncenter size-medium wp-image-855\" src=\"https:\/\/strucnoobraz.edu.ba\/wp-content\/uploads\/odbojka-300x228.jpg\" alt=\"\" width=\"300\" height=\"228\" srcset=\"https:\/\/strucnoobraz.edu.ba\/wp-content\/uploads\/odbojka-300x228.jpg 300w, https:\/\/strucnoobraz.edu.ba\/wp-content\/uploads\/odbojka.jpg 657w\" sizes=\"auto, (max-width: 300px) 100vw, 300px\" \/><\/p>\n<p style=\"text-align: left;\">&nbsp;<\/p>\n","protected":false},"excerpt":{"rendered":"<p>DR\u017dAVNO PRVENSTVO BIH U INKLUYIVNOJ ODBOJCI \u2013 SARAJEVO 2018 &nbsp; &nbsp;&nbsp;&nbsp;&nbsp; Dana, 14.aprila 2018.godine, u Sarajevu je odr\u017eano Dr\u017eavno prvenstvo Specijalne olimpijade BiH u inkluzivnoj odbojci. Takmi\u010denje se odr\u017ealo u sportskoj dvorani 5.Gimnazije na Dobrinji. Tehni\u010dki organizator takmi\u010denja bio je &hellip; <a href=\"https:\/\/strucnoobraz.edu.ba\/?p=856\">Continue reading <span class=\"meta-nav\">&rarr;<\/span><\/a><\/p>\n","protected":false},"author":1,"featured_media":855,"comment_status":"closed","ping_status":"open","sticky":false,"template":"","format":"standard","meta":{"footnotes":""},"categories":[4],"tags":[],"class_list":["post-856","post","type-post","status-publish","format-standard","has-post-thumbnail","hentry","category-novosti"],"_links":{"self":[{"href":"https:\/\/strucnoobraz.edu.ba\/index.php?rest_route=\/wp\/v2\/posts\/856","targetHints":{"allow":["GET"]}}],"collection":[{"href":"https:\/\/strucnoobraz.edu.ba\/index.php?rest_route=\/wp\/v2\/posts"}],"about":[{"href":"https:\/\/strucnoobraz.edu.ba\/index.php?rest_route=\/wp\/v2\/types\/post"}],"author":[{"embeddable":true,"href":"https:\/\/strucnoobraz.edu.ba\/index.php?rest_route=\/wp\/v2\/users\/1"}],"replies":[{"embeddable":true,"href":"https:\/\/strucnoobraz.edu.ba\/index.php?rest_route=%2Fwp%2Fv2%2Fcomments&post=856"}],"version-history":[{"count":1,"href":"https:\/\/strucnoobraz.edu.ba\/index.php?rest_route=\/wp\/v2\/posts\/856\/revisions"}],"predecessor-version":[{"id":857,"href":"https:\/\/strucnoobraz.edu.ba\/index.php?rest_route=\/wp\/v2\/posts\/856\/revisions\/857"}],"wp:featuredmedia":[{"embeddable":true,"href":"https:\/\/strucnoobraz.edu.ba\/index.php?rest_route=\/wp\/v2\/media\/855"}],"wp:attachment":[{"href":"https:\/\/strucnoobraz.edu.ba\/index.php?rest_route=%2Fwp%2Fv2%2Fmedia&parent=856"}],"wp:term":[{"taxonomy":"category","embeddable":true,"href":"https:\/\/strucnoobraz.edu.ba\/index.php?rest_route=%2Fwp%2Fv2%2Fcategories&post=856"},{"taxonomy":"post_tag","embeddable":true,"href":"https:\/\/strucnoobraz.edu.ba\/index.php?rest_route=%2Fwp%2Fv2%2Ftags&post=856"}],"curies":[{"name":"wp","href":"https:\/\/api.w.org\/{rel}","templated":true}]}}