{"id":83,"date":"2013-06-12T13:34:50","date_gmt":"2013-06-12T11:34:50","guid":{"rendered":"http:\/\/strucnoobraz.web.ba\/?p=83"},"modified":"2013-06-12T20:43:19","modified_gmt":"2013-06-12T18:43:19","slug":"u-posjeti-kuci-sevdaha","status":"publish","type":"post","link":"https:\/\/strucnoobraz.edu.ba\/?p=83","title":{"rendered":"U posjeti ku\u0107i sevdaha"},"content":{"rendered":"<p><a href=\"https:\/\/strucnoobraz.edu.ba\/wp-content\/uploads\/2013\/06\/kuca-sevdaha.jpg\"><img loading=\"lazy\" decoding=\"async\" class=\"alignleft size-medium wp-image-84\" alt=\"kuca sevdaha\" src=\"https:\/\/strucnoobraz.edu.ba\/wp-content\/uploads\/2013\/06\/kuca-sevdaha-300x225.jpg\" width=\"300\" height=\"225\" srcset=\"https:\/\/strucnoobraz.edu.ba\/wp-content\/uploads\/2013\/06\/kuca-sevdaha-300x225.jpg 300w, https:\/\/strucnoobraz.edu.ba\/wp-content\/uploads\/2013\/06\/kuca-sevdaha.jpg 500w\" sizes=\"auto, (max-width: 300px) 100vw, 300px\" \/><\/a>U\u010denici \u0160kole za srednje stru\u010dno obrazovanje i radno osposobljavanje iz Sarajeva su u periodu od 26.11.2010.-03.12.2010. godine posjetili art ku\u0107u sevdaha, zajedno sa svojim nastavnicima. Uprili\u010dena im je ugodna dobrodo\u0161lica od strane uposlenika ove ku\u0107e.<\/p>\n<p>U\u010denici su se upoznali sa bosanskohercegova\u010dkom kulturnom ba\u0161tinom, historijskim razvojem sevdaha i audiovizuelnim sadr\u017eajem sevdalinki. Upotpunili su svoje znanje iz oblasti kulturne ba\u0161tine i tradicije BIH, umjetni\u010dkog izraza raznih interpretatora, kao i o osobenosti \u010duvanja kulturnog identiteta na\u0161e zemlje. Posjeta art ku\u0107i sevdaha za u\u010denike \u0160SSOiRO predstavlja zanimljiv sadr\u017eaj u\u010denja nastavnog gradiva, koje \u0107e se i u budu\u0107nosti prakticirati u ovoj \u0161koli.<\/p>\n","protected":false},"excerpt":{"rendered":"<p>U\u010denici \u0160kole za srednje stru\u010dno obrazovanje i radno osposobljavanje iz Sarajeva su u periodu od 26.11.2010.-03.12.2010. godine posjetili art ku\u0107u sevdaha, zajedno sa svojim nastavnicima. Uprili\u010dena im je ugodna dobrodo\u0161lica od strane uposlenika ove ku\u0107e. U\u010denici su se upoznali sa &hellip; <a href=\"https:\/\/strucnoobraz.edu.ba\/?p=83\">Continue reading <span class=\"meta-nav\">&rarr;<\/span><\/a><\/p>\n","protected":false},"author":1,"featured_media":84,"comment_status":"closed","ping_status":"open","sticky":false,"template":"","format":"standard","meta":{"footnotes":""},"categories":[4],"tags":[],"class_list":["post-83","post","type-post","status-publish","format-standard","has-post-thumbnail","hentry","category-novosti"],"_links":{"self":[{"href":"https:\/\/strucnoobraz.edu.ba\/index.php?rest_route=\/wp\/v2\/posts\/83","targetHints":{"allow":["GET"]}}],"collection":[{"href":"https:\/\/strucnoobraz.edu.ba\/index.php?rest_route=\/wp\/v2\/posts"}],"about":[{"href":"https:\/\/strucnoobraz.edu.ba\/index.php?rest_route=\/wp\/v2\/types\/post"}],"author":[{"embeddable":true,"href":"https:\/\/strucnoobraz.edu.ba\/index.php?rest_route=\/wp\/v2\/users\/1"}],"replies":[{"embeddable":true,"href":"https:\/\/strucnoobraz.edu.ba\/index.php?rest_route=%2Fwp%2Fv2%2Fcomments&post=83"}],"version-history":[{"count":2,"href":"https:\/\/strucnoobraz.edu.ba\/index.php?rest_route=\/wp\/v2\/posts\/83\/revisions"}],"predecessor-version":[{"id":246,"href":"https:\/\/strucnoobraz.edu.ba\/index.php?rest_route=\/wp\/v2\/posts\/83\/revisions\/246"}],"wp:featuredmedia":[{"embeddable":true,"href":"https:\/\/strucnoobraz.edu.ba\/index.php?rest_route=\/wp\/v2\/media\/84"}],"wp:attachment":[{"href":"https:\/\/strucnoobraz.edu.ba\/index.php?rest_route=%2Fwp%2Fv2%2Fmedia&parent=83"}],"wp:term":[{"taxonomy":"category","embeddable":true,"href":"https:\/\/strucnoobraz.edu.ba\/index.php?rest_route=%2Fwp%2Fv2%2Fcategories&post=83"},{"taxonomy":"post_tag","embeddable":true,"href":"https:\/\/strucnoobraz.edu.ba\/index.php?rest_route=%2Fwp%2Fv2%2Ftags&post=83"}],"curies":[{"name":"wp","href":"https:\/\/api.w.org\/{rel}","templated":true}]}}