{"id":829,"date":"2017-12-01T10:13:42","date_gmt":"2017-12-01T09:13:42","guid":{"rendered":"http:\/\/strucnoobraz.edu.ba\/?p=829"},"modified":"2017-12-01T10:13:42","modified_gmt":"2017-12-01T09:13:42","slug":"17-11-medunarodni-dan-srednjoskolaca","status":"publish","type":"post","link":"https:\/\/strucnoobraz.edu.ba\/?p=829","title":{"rendered":"17.11. Me\u0111unarodni Dan srednjo\u0161kolaca"},"content":{"rendered":"<p>36 srednjih \u0161kola iz Kantona Sarajevo je, u organizaciji Mre\u017ee vije\u0107a u\u010denika KS, \u0161etnjom, od Trga djece Sarajeva do Katedrale gdje se odr\u017eao performans, obilje\u017eilo 17.11. Me\u0111unarodni Dan srednjo\u0161kolaca.<\/p>\n<p><img loading=\"lazy\" decoding=\"async\" class=\"aligncenter size-medium wp-image-827\" src=\"https:\/\/strucnoobraz.edu.ba\/wp-content\/uploads\/23592098_831104797062123_3453144539395216420_o-300x200.jpg\" alt=\"\" width=\"300\" height=\"200\" srcset=\"https:\/\/strucnoobraz.edu.ba\/wp-content\/uploads\/23592098_831104797062123_3453144539395216420_o-300x200.jpg 300w, https:\/\/strucnoobraz.edu.ba\/wp-content\/uploads\/23592098_831104797062123_3453144539395216420_o-768x512.jpg 768w, https:\/\/strucnoobraz.edu.ba\/wp-content\/uploads\/23592098_831104797062123_3453144539395216420_o-1024x683.jpg 1024w, https:\/\/strucnoobraz.edu.ba\/wp-content\/uploads\/23592098_831104797062123_3453144539395216420_o-90x60.jpg 90w, https:\/\/strucnoobraz.edu.ba\/wp-content\/uploads\/23592098_831104797062123_3453144539395216420_o.jpg 2048w\" sizes=\"auto, (max-width: 300px) 100vw, 300px\" \/><img loading=\"lazy\" decoding=\"async\" class=\"aligncenter size-medium wp-image-825\" src=\"https:\/\/strucnoobraz.edu.ba\/wp-content\/uploads\/23551267_831104830395453_1446017116232060280_o-300x200.jpg\" alt=\"\" width=\"300\" height=\"200\" srcset=\"https:\/\/strucnoobraz.edu.ba\/wp-content\/uploads\/23551267_831104830395453_1446017116232060280_o-300x200.jpg 300w, https:\/\/strucnoobraz.edu.ba\/wp-content\/uploads\/23551267_831104830395453_1446017116232060280_o-768x512.jpg 768w, https:\/\/strucnoobraz.edu.ba\/wp-content\/uploads\/23551267_831104830395453_1446017116232060280_o-1024x683.jpg 1024w, https:\/\/strucnoobraz.edu.ba\/wp-content\/uploads\/23551267_831104830395453_1446017116232060280_o.jpg 2048w\" sizes=\"auto, (max-width: 300px) 100vw, 300px\" \/><img loading=\"lazy\" decoding=\"async\" class=\"aligncenter size-medium wp-image-828\" src=\"https:\/\/strucnoobraz.edu.ba\/wp-content\/uploads\/23592378_831104990395437_65947316554450951_o-300x200.jpg\" alt=\"\" width=\"300\" height=\"200\" srcset=\"https:\/\/strucnoobraz.edu.ba\/wp-content\/uploads\/23592378_831104990395437_65947316554450951_o-300x200.jpg 300w, https:\/\/strucnoobraz.edu.ba\/wp-content\/uploads\/23592378_831104990395437_65947316554450951_o-768x512.jpg 768w, https:\/\/strucnoobraz.edu.ba\/wp-content\/uploads\/23592378_831104990395437_65947316554450951_o-1024x683.jpg 1024w, https:\/\/strucnoobraz.edu.ba\/wp-content\/uploads\/23592378_831104990395437_65947316554450951_o.jpg 2048w\" sizes=\"auto, (max-width: 300px) 100vw, 300px\" \/><img loading=\"lazy\" decoding=\"async\" class=\"aligncenter size-medium wp-image-826\" src=\"https:\/\/strucnoobraz.edu.ba\/wp-content\/uploads\/23592293_831104877062115_41631595678502646_o-300x200.jpg\" alt=\"\" width=\"300\" height=\"200\" srcset=\"https:\/\/strucnoobraz.edu.ba\/wp-content\/uploads\/23592293_831104877062115_41631595678502646_o-300x200.jpg 300w, https:\/\/strucnoobraz.edu.ba\/wp-content\/uploads\/23592293_831104877062115_41631595678502646_o-768x512.jpg 768w, https:\/\/strucnoobraz.edu.ba\/wp-content\/uploads\/23592293_831104877062115_41631595678502646_o-1024x683.jpg 1024w, https:\/\/strucnoobraz.edu.ba\/wp-content\/uploads\/23592293_831104877062115_41631595678502646_o.jpg 2048w\" sizes=\"auto, (max-width: 300px) 100vw, 300px\" \/><\/p>\n","protected":false},"excerpt":{"rendered":"<p>36 srednjih \u0161kola iz Kantona Sarajevo je, u organizaciji Mre\u017ee vije\u0107a u\u010denika KS, \u0161etnjom, od Trga djece Sarajeva do Katedrale gdje se odr\u017eao performans, obilje\u017eilo 17.11. Me\u0111unarodni Dan srednjo\u0161kolaca.<\/p>\n","protected":false},"author":1,"featured_media":827,"comment_status":"closed","ping_status":"open","sticky":false,"template":"","format":"standard","meta":{"footnotes":""},"categories":[4],"tags":[],"class_list":["post-829","post","type-post","status-publish","format-standard","has-post-thumbnail","hentry","category-novosti"],"_links":{"self":[{"href":"https:\/\/strucnoobraz.edu.ba\/index.php?rest_route=\/wp\/v2\/posts\/829","targetHints":{"allow":["GET"]}}],"collection":[{"href":"https:\/\/strucnoobraz.edu.ba\/index.php?rest_route=\/wp\/v2\/posts"}],"about":[{"href":"https:\/\/strucnoobraz.edu.ba\/index.php?rest_route=\/wp\/v2\/types\/post"}],"author":[{"embeddable":true,"href":"https:\/\/strucnoobraz.edu.ba\/index.php?rest_route=\/wp\/v2\/users\/1"}],"replies":[{"embeddable":true,"href":"https:\/\/strucnoobraz.edu.ba\/index.php?rest_route=%2Fwp%2Fv2%2Fcomments&post=829"}],"version-history":[{"count":1,"href":"https:\/\/strucnoobraz.edu.ba\/index.php?rest_route=\/wp\/v2\/posts\/829\/revisions"}],"predecessor-version":[{"id":830,"href":"https:\/\/strucnoobraz.edu.ba\/index.php?rest_route=\/wp\/v2\/posts\/829\/revisions\/830"}],"wp:featuredmedia":[{"embeddable":true,"href":"https:\/\/strucnoobraz.edu.ba\/index.php?rest_route=\/wp\/v2\/media\/827"}],"wp:attachment":[{"href":"https:\/\/strucnoobraz.edu.ba\/index.php?rest_route=%2Fwp%2Fv2%2Fmedia&parent=829"}],"wp:term":[{"taxonomy":"category","embeddable":true,"href":"https:\/\/strucnoobraz.edu.ba\/index.php?rest_route=%2Fwp%2Fv2%2Fcategories&post=829"},{"taxonomy":"post_tag","embeddable":true,"href":"https:\/\/strucnoobraz.edu.ba\/index.php?rest_route=%2Fwp%2Fv2%2Ftags&post=829"}],"curies":[{"name":"wp","href":"https:\/\/api.w.org\/{rel}","templated":true}]}}