{"id":77,"date":"2013-06-12T13:30:02","date_gmt":"2013-06-12T11:30:02","guid":{"rendered":"http:\/\/strucnoobraz.web.ba\/?p=77"},"modified":"2013-06-12T20:43:30","modified_gmt":"2013-06-12T18:43:30","slug":"izvjestaj-profesora-aida-ahmetovica-o-sportskim-aktivnostima-20092010","status":"publish","type":"post","link":"https:\/\/strucnoobraz.edu.ba\/?p=77","title":{"rendered":"Izvje\u0161taj profesora Aida Ahmetovi\u0107a o sportskim aktivnostima 2009\/2010"},"content":{"rendered":"<p><a href=\"https:\/\/strucnoobraz.edu.ba\/wp-content\/uploads\/2013\/06\/sport-web.jpg\"><img loading=\"lazy\" decoding=\"async\" class=\"alignleft size-full wp-image-78\" alt=\"sport web\" src=\"https:\/\/strucnoobraz.edu.ba\/wp-content\/uploads\/2013\/06\/sport-web.jpg\" width=\"215\" height=\"90\" \/><\/a>U\u010denici na\u0161e \u0161kole nastupaju na svim sportskim takmi\u010denjima koje organizuje SPECIAL OLYMPICS in BiH<br \/>\n<strong>ODBOJKA<\/strong>\u00a0\u2013 Derventa 31.10.2009.<\/p>\n<p>Na ovom takmi\u010denju na\u0161u \u0161kolu su predstavljali sljede\u0107i u\u010denici i ostvarili sljede\u0107e rezultate:<\/p>\n<p>&#8211; Jasmin Planin\u010di\u0107\u00a0\u00a0\u00a0\u00a0\u00a0\u00a0\u00a0\u00a0 II mjesto\u00a0\u00a0\u00a0\u00a0\u00a0 (I divizija)<\/p>\n<p>&#8211; Kerim Ma\u0161ala\u00a0\u00a0\u00a0\u00a0\u00a0\u00a0\u00a0\u00a0\u00a0\u00a0\u00a0\u00a0 II mjesto\u00a0\u00a0\u00a0\u00a0\u00a0 (II divizija)<\/p>\n<p>&#8211; Alma Bradi\u0107\u00a0\u00a0\u00a0\u00a0\u00a0\u00a0\u00a0\u00a0\u00a0\u00a0\u00a0\u00a0\u00a0 III mjesto\u00a0\u00a0\u00a0\u00a0\u00a0 (I divizija)<\/p>\n<p>&#8211; Suada Botulja\u00a0\u00a0\u00a0\u00a0\u00a0\u00a0\u00a0\u00a0\u00a0\u00a0 III mjesto\u00a0\u00a0\u00a0\u00a0\u00a0 (I divizija)<\/p>\n<p><strong>PLIVANJE<\/strong>\u00a0\u2013 Zenica, 19.11.2009.<\/p>\n<p>Na ovom takmi\u010denju na\u0161u \u0161kolu je predstavljao u\u010denik Red\u017eovi\u0107 Vedad. On je u disciplini 25 m slobodno zauzeo III mjesto.<\/p>\n<p><strong>STONI TENIS<\/strong>\u00a0\u2013 Prijedor, 27.3.2010.<\/p>\n<p>Na ovom takmi\u010denju na\u0161a \u0161kola je bila najuspje\u0161nija u konkurenciji 21 ekipe iz cijele BiH. Na\u0161u \u0161kolu je predstavljalo 8 u\u010denika i osvojili su isto toliko medalja\u00a0\u00a0\u00a0\u00a0\u00a0\u00a0\u00a0 ( 4 zlatne, 3 srebrene i 1 bronzana).<\/p>\n<p>&#8211; Miralem Kujovi\u0107\u00a0\u00a0\u00a0\u00a0\u00a0\u00a0\u00a0 \u00a0\u00a0 I\u00a0 mjesto\u00a0\u00a0\u00a0\u00a0\u00a0 (I divizija)<\/p>\n<p>&#8211; Jasmin Mamuti\u00a0\u00a0\u00a0\u00a0\u00a0\u00a0\u00a0\u00a0\u00a0\u00a0\u00a0 I\u00a0 mjesto\u00a0\u00a0\u00a0\u00a0\u00a0 (I divizija)<\/p>\n<p>&#8211; Almedina Vite\u0161ki\u0107\u00a0\u00a0\u00a0\u00a0\u00a0\u00a0\u00a0 I\u00a0 mjesto\u00a0\u00a0\u00a0\u00a0\u00a0 (I divizija)<\/p>\n<p>&#8211; Kerim Ma\u0161ala\u00a0\u00a0\u00a0\u00a0\u00a0\u00a0\u00a0\u00a0\u00a0\u00a0\u00a0 \u00a0 I\u00a0 mjesto\u00a0\u00a0\u00a0\u00a0\u00a0 (III divizija)<\/p>\n<p>&#8211; Amina Hido\u00a0\u00a0\u00a0\u00a0\u00a0\u00a0\u00a0\u00a0\u00a0\u00a0\u00a0\u00a0\u00a0\u00a0 II\u00a0 mjesto\u00a0\u00a0\u00a0\u00a0 (I divizija)<\/p>\n<p>&#8211; Amar Berisali\u0107\u00a0\u00a0\u00a0\u00a0\u00a0\u00a0\u00a0\u00a0\u00a0\u00a0\u00a0 II\u00a0 mjesto\u00a0\u00a0\u00a0\u00a0 (II divizija)<\/p>\n<p>&#8211; Ajla Huseinovi\u0107\u00a0\u00a0\u00a0\u00a0\u00a0\u00a0\u00a0\u00a0\u00a0 II\u00a0 mjesto\u00a0\u00a0\u00a0\u00a0 (II divizija)<\/p>\n<p>&#8211; Suada Botulja\u00a0\u00a0\u00a0\u00a0\u00a0\u00a0\u00a0\u00a0\u00a0\u00a0 III\u00a0 mjesto\u00a0\u00a0\u00a0 (II divizija)<\/p>\n<p><strong>ARGETA LIGA SREDNJIH \u0160KOLA KS U MALOM NOGOMETU<\/strong>, 6.3. &#8211; 11.4. 2010.<\/p>\n<p>U\u010denici na\u0161e \u0161kole u\u010destvovali su na takmi\u010denju \u201eArgeta liga srednjih \u0161kola u malom nogometu\u201c koje se odr\u017eavalo u Zetri. Na ovom takmi\u010denju u\u010de\u0161\u0107e je uzelo 25 srednjih \u0161kola KS. Za na\u0161u \u0161kolu nastupili su sljede\u0107i u\u010denici:<\/p>\n<p>&#8211;\u00a0\u00a0 \u00a0Mamuti Jasmin<br \/>\n&#8211;\u00a0\u00a0 \u00a0Ma\u0161ala Kerim<br \/>\n&#8211;\u00a0\u00a0 \u00a0Kari\u0107 D\u017eemal<br \/>\n&#8211;\u00a0\u00a0 \u00a0Bajri\u0107 Rasim<br \/>\n&#8211;\u00a0\u00a0 \u00a0Plakalo Alen<br \/>\n&#8211;\u00a0\u00a0 \u00a0Kujovi\u0107 Miralem<br \/>\n&#8211;\u00a0\u00a0 \u00a0Alji\u0107 Toni<br \/>\n&#8211;\u00a0\u00a0 \u00a0Planin\u010di\u0107 Jasmin<br \/>\n&#8211;\u00a0\u00a0 \u00a0Sadikovi\u010d Emir<\/p>\n<p><strong>ME\u0110UNARODNA ULI\u010cNA TRKA \u201eVIVICITTA 2010.\u201c<\/strong>\u00a0&#8211; Sarajevo, 11.4.2010.<\/p>\n<p>Na 16. me\u0111unarodnoj uli\u010dnoj trci \u201eVivicitta 2010.\u201c, u\u010de\u0161\u0107e je uzelo oko 2.000 takmi\u010dara u nekoliko kategorija. U kategoriji srednjih \u0161kola gdje je nastupilo nekoliko stotina u\u010denika, na\u0161a \u0161kola ostvarila je dobar plasman. Za na\u0161u \u0161kolu tr\u010dali su:<\/p>\n<p>&#8211; Alji\u0107 Toni\u00a0\u00a0\u00a0\u00a0\u00a0\u00a0\u00a0\u00a0\u00a0\u00a0\u00a0\u00a0\u00a0\u00a0 10. mjesto<\/p>\n<p>&#8211; Kujovi\u0107 Miralem\u00a0\u00a0\u00a0\u00a0\u00a0\u00a0 21. mjesto<\/p>\n<p><strong>NOGOMET<\/strong>\u00a0\u2013 Sarajevo, 6.5.2010.<\/p>\n<p>U\u010denici na\u0161e \u0161kole u\u010destvovali su na European Football Week i Dr\u017eavnom prvenstvu u malom nogometu. Pored mu\u0161ke ekipe, na\u0161a \u0161kola je po prvi put nastupila i sa \u017eenskom ekipom u jednom kolektivnom sportu.<\/p>\n<p>Mu\u0161ka ekipa \u0161kole osvojila je\u00a0 III mjesto\u00a0 u I diviziji. Za na\u0161u \u0161kolu su nastupili sljede\u0107i<br \/>\nu\u010denici:<\/p>\n<p>&#8211;\u00a0\u00a0 \u00a0Mamuti Jasmin<br \/>\n&#8211;\u00a0\u00a0 \u00a0Berisali\u0107 Amar<br \/>\n&#8211;\u00a0\u00a0 \u00a0Kujovi\u0107 Miralem<br \/>\n&#8211;\u00a0\u00a0 \u00a0Bajri\u0107 Rasim<br \/>\n&#8211;\u00a0\u00a0 \u00a0Ma\u0161ala Kerim<br \/>\n&#8211;\u00a0\u00a0 \u00a0Cernica Mirza<br \/>\n&#8211;\u00a0\u00a0 \u00a0Be\u0161i\u0107 Aleksandar<\/p>\n<p>\u017denska ekipa \u0161kole osvojila je\u00a0 II mjesto\u00a0 u I diviziji. Na\u0161u \u0161kolu su predstavljale sljede\u0107e u\u010denice:<br \/>\n&#8211;\u00a0\u00a0 \u00a0Hido Amina<br \/>\n&#8211;\u00a0\u00a0 \u00a0Botulja Suada<br \/>\n&#8211;\u00a0\u00a0 \u00a0Bo\u0161njak Azra<br \/>\n&#8211;\u00a0\u00a0 \u00a0Trubljanin Adisa<br \/>\n&#8211;\u00a0\u00a0 \u00a0\u010cerkez Rabija<\/p>\n<p><strong>ME\u0110UNARODNA PRIJATELJSKA NOGOMETNA UTAKMICA<\/strong>\u00a0\u2013<br \/>\n<strong>\u201eSVJETLO\u201c\u00a0 &#8211;\u00a0 AC MILAN &amp; VASAS<\/strong><br \/>\nSarajevo, 22.5.2010.<\/p>\n<p>U\u010denici na\u0161e \u0161kole nastupili su za ekipu \u201eSvjetla\u201c, u prijateljskoj utakmici protiv kombinovane ekipe pionira italijanskog AC Milana i ma\u0111arskog Vasasa. Ekipa Svjetla pobijedila je rezultatom 3:2 a za ekipu Svjetla dva gola postigla je u\u010denica na\u0161e \u0161kole Vite\u0161ki\u0107 Almedina. Iz na\u0161e \u0161kole nastupili su sljede\u0107i u\u010denici:<\/p>\n<p>&#8211;\u00a0\u00a0 \u00a0Mamuti Jasmin<br \/>\n&#8211;\u00a0\u00a0 \u00a0Berisali\u0107 Amar<br \/>\n&#8211;\u00a0\u00a0 \u00a0Alji\u0107 Toni<br \/>\n&#8211;\u00a0\u00a0 \u00a0Vite\u0161ki\u0107 Almedina<br \/>\n&#8211;\u00a0\u00a0 \u00a0Botulja Suada<br \/>\n&#8211;\u00a0\u00a0 \u00a0Sejdi\u0107 Elvira<\/p>\n<p><strong>KO\u0160ARKA<\/strong>\u00a0\u2013 Bakovi\u0107i (Fojnica), 29.5.2010.<\/p>\n<p>U\u010denici na\u0161e \u0161kole u\u010destvovali su na Dr\u017eavnom prvenstvu u ko\u0161arci i osvojili<\/p>\n<p>II mjesto u II diviziji. Za na\u0161u \u0161kolu su nastupili sljede\u0107i u\u010denici:<\/p>\n<p>&#8211;\u00a0\u00a0 \u00a0Mamuti Jasmin<br \/>\n&#8211;\u00a0\u00a0 \u00a0Kujovi\u0107 Miralem<br \/>\n&#8211;\u00a0\u00a0 \u00a0Ma\u0161ala Kerim<br \/>\n&#8211;\u00a0\u00a0 \u00a0Ajnad\u017ei\u0107 Ahmed<br \/>\n&#8211;\u00a0\u00a0 \u00a0Cernica Mirza<br \/>\n&#8211;\u00a0\u00a0 \u00a0Sadikovi\u0107 Emir<\/p>\n<p><strong>ATLETIKA<\/strong>\u00a0\u2013 Tuzla, 12.6.2010.<\/p>\n<p>U\u010denici na\u0161e \u0161kole u\u010destvovali su na Dr\u017eavnom prvenstvu u atletici. Na\u0161u \u0161kolu je predstavljalo 8 u\u010denika koji su osvojili 9 medalja ( 1 zlato, 2 srebra i 6 bronzi ).<\/p>\n<p>&#8211; Cernica Mirza\u00a0\u00a0\u00a0\u00a0\u00a0\u00a0\u00a0\u00a0 100m\u00a0\u00a0\u00a0\u00a0\u00a0\u00a0\u00a0\u00a0\u00a0\u00a0\u00a0\u00a0\u00a0 \u00a0 I mjesto<\/p>\n<p>&#8211; Kujovi\u0107 Miralem\u00a0\u00a0\u00a0\u00a0\u00a0\u00a0 200m\u00a0\u00a0\u00a0\u00a0\u00a0\u00a0\u00a0\u00a0\u00a0\u00a0\u00a0\u00a0\u00a0\u00a0 II mjesto<\/p>\n<p>&#8211; Sadikovi\u0107 Emir\u00a0\u00a0\u00a0\u00a0\u00a0\u00a0\u00a0 400m\u00a0\u00a0\u00a0\u00a0\u00a0\u00a0\u00a0\u00a0\u00a0\u00a0\u00a0\u00a0\u00a0\u00a0 II mjesto<\/p>\n<p>&#8211; Alji\u0107 Toni\u00a0\u00a0\u00a0\u00a0\u00a0\u00a0\u00a0\u00a0\u00a0 \u00a0 \u00a0\u00a0 100m\u00a0\u00a0\u00a0\u00a0\u00a0\u00a0\u00a0\u00a0\u00a0\u00a0\u00a0\u00a0\u00a0 III mjesto<\/p>\n<p>&#8211; Salihovi\u0107 Edin\u00a0\u00a0\u00a0\u00a0\u00a0\u00a0 \u00a0 200m\u00a0\u00a0\u00a0\u00a0\u00a0\u00a0\u00a0\u00a0\u00a0\u00a0\u00a0\u00a0\u00a0 III mjesto<\/p>\n<p>&#8211; Huseinovi\u0107 Bakir\u00a0\u00a0\u00a0\u00a0\u00a0 200m\u00a0\u00a0\u00a0\u00a0\u00a0\u00a0\u00a0\u00a0\u00a0\u00a0\u00a0\u00a0\u00a0 III mjesto<\/p>\n<p>&#8211; Ma\u0161ala Kerim\u00a0\u00a0\u00a0\u00a0\u00a0\u00a0\u00a0\u00a0\u00a0 skok u dalj\u00a0\u00a0\u00a0\u00a0\u00a0 \u00a0 III mjesto<\/p>\n<p>&#8211; Sejdi\u0107 Elvira\u00a0\u00a0\u00a0\u00a0\u00a0\u00a0\u00a0 \u00a0\u00a0 100m\u00a0\u00a0\u00a0\u00a0\u00a0\u00a0\u00a0\u00a0\u00a0\u00a0\u00a0\u00a0\u00a0 III mjesto<\/p>\n<p>&#8211; \u0160tafeta \u2013 mu\u0161ki\u00a0\u00a0\u00a0\u00a0\u00a0\u00a0 4x100m\u00a0\u00a0\u00a0\u00a0\u00a0\u00a0\u00a0\u00a0 III mjesto<\/p>\n","protected":false},"excerpt":{"rendered":"<p>U\u010denici na\u0161e \u0161kole nastupaju na svim sportskim takmi\u010denjima koje organizuje SPECIAL OLYMPICS in BiH ODBOJKA\u00a0\u2013 Derventa 31.10.2009. Na ovom takmi\u010denju na\u0161u \u0161kolu su predstavljali sljede\u0107i u\u010denici i ostvarili sljede\u0107e rezultate: &#8211; Jasmin Planin\u010di\u0107\u00a0\u00a0\u00a0\u00a0\u00a0\u00a0\u00a0\u00a0 II mjesto\u00a0\u00a0\u00a0\u00a0\u00a0 (I divizija) &#8211; Kerim Ma\u0161ala\u00a0\u00a0\u00a0\u00a0\u00a0\u00a0\u00a0\u00a0\u00a0\u00a0\u00a0\u00a0 &hellip; <a href=\"https:\/\/strucnoobraz.edu.ba\/?p=77\">Continue reading <span class=\"meta-nav\">&rarr;<\/span><\/a><\/p>\n","protected":false},"author":1,"featured_media":78,"comment_status":"closed","ping_status":"open","sticky":false,"template":"","format":"standard","meta":{"footnotes":""},"categories":[4],"tags":[],"class_list":["post-77","post","type-post","status-publish","format-standard","has-post-thumbnail","hentry","category-novosti"],"_links":{"self":[{"href":"https:\/\/strucnoobraz.edu.ba\/index.php?rest_route=\/wp\/v2\/posts\/77","targetHints":{"allow":["GET"]}}],"collection":[{"href":"https:\/\/strucnoobraz.edu.ba\/index.php?rest_route=\/wp\/v2\/posts"}],"about":[{"href":"https:\/\/strucnoobraz.edu.ba\/index.php?rest_route=\/wp\/v2\/types\/post"}],"author":[{"embeddable":true,"href":"https:\/\/strucnoobraz.edu.ba\/index.php?rest_route=\/wp\/v2\/users\/1"}],"replies":[{"embeddable":true,"href":"https:\/\/strucnoobraz.edu.ba\/index.php?rest_route=%2Fwp%2Fv2%2Fcomments&post=77"}],"version-history":[{"count":2,"href":"https:\/\/strucnoobraz.edu.ba\/index.php?rest_route=\/wp\/v2\/posts\/77\/revisions"}],"predecessor-version":[{"id":248,"href":"https:\/\/strucnoobraz.edu.ba\/index.php?rest_route=\/wp\/v2\/posts\/77\/revisions\/248"}],"wp:featuredmedia":[{"embeddable":true,"href":"https:\/\/strucnoobraz.edu.ba\/index.php?rest_route=\/wp\/v2\/media\/78"}],"wp:attachment":[{"href":"https:\/\/strucnoobraz.edu.ba\/index.php?rest_route=%2Fwp%2Fv2%2Fmedia&parent=77"}],"wp:term":[{"taxonomy":"category","embeddable":true,"href":"https:\/\/strucnoobraz.edu.ba\/index.php?rest_route=%2Fwp%2Fv2%2Fcategories&post=77"},{"taxonomy":"post_tag","embeddable":true,"href":"https:\/\/strucnoobraz.edu.ba\/index.php?rest_route=%2Fwp%2Fv2%2Ftags&post=77"}],"curies":[{"name":"wp","href":"https:\/\/api.w.org\/{rel}","templated":true}]}}