{"id":768,"date":"2017-05-11T17:10:43","date_gmt":"2017-05-11T15:10:43","guid":{"rendered":"http:\/\/strucnoobraz.edu.ba\/?p=768"},"modified":"2017-05-15T17:22:36","modified_gmt":"2017-05-15T15:22:36","slug":"dan-otvorenih-vrata-2","status":"publish","type":"post","link":"https:\/\/strucnoobraz.edu.ba\/?p=768","title":{"rendered":"Dan otvorenih vrata"},"content":{"rendered":"<p>\u0160kola za srednje stru\u010dno obrazovanje i radno osposobljavanje je u srijedu, 10.05.2017.godine od 09 do 14 sati, organizovala manifestaciju Dan otvorenih vrata, gdje su mnogi osnovci, zainteresirani za ovu \u0161kolu, bili u prilici posjetiti i upoznati se sa njenim nastavnim i vannastavnim aktivnostima.<\/p>\n<p>Tako je u\u010denicima i njihovim roditeljima prezentiran na\u010din izvo\u0111enja nastave, kao i kapaciteti kojima \u0161kola raspola\u017ee, a zainteresirani su bili u prilici da posjete i humanitarni bazar koji je organizovan sa ciljem prikupljanja sredstava za matursku ekskurziju. U\u010denici su tako\u0111er dobili i sve potrebne informacije o upisu i samom poha\u0111anju nastave. &nbsp;<\/p>\n<p>&nbsp;&nbsp;<img loading=\"lazy\" decoding=\"async\" class=\"size-medium wp-image-769 alignleft\" src=\"https:\/\/strucnoobraz.edu.ba\/wp-content\/uploads\/Bazar-1-225x300.jpg\" alt=\"\" width=\"225\" height=\"300\" srcset=\"https:\/\/strucnoobraz.edu.ba\/wp-content\/uploads\/Bazar-1-225x300.jpg 225w, https:\/\/strucnoobraz.edu.ba\/wp-content\/uploads\/Bazar-1.jpg 450w\" sizes=\"auto, (max-width: 225px) 100vw, 225px\" \/>&nbsp;&nbsp; &nbsp; &nbsp; &nbsp; &nbsp;&nbsp;<img loading=\"lazy\" decoding=\"async\" class=\"size-medium wp-image-770 alignleft\" src=\"https:\/\/strucnoobraz.edu.ba\/wp-content\/uploads\/U-inf-kabinetu-300x225.jpg\" alt=\"\" width=\"300\" height=\"225\" srcset=\"https:\/\/strucnoobraz.edu.ba\/wp-content\/uploads\/U-inf-kabinetu-300x225.jpg 300w, https:\/\/strucnoobraz.edu.ba\/wp-content\/uploads\/U-inf-kabinetu.jpg 600w\" sizes=\"auto, (max-width: 300px) 100vw, 300px\" \/> <img loading=\"lazy\" decoding=\"async\" class=\"size-medium wp-image-771 alignleft\" src=\"https:\/\/strucnoobraz.edu.ba\/wp-content\/uploads\/U-kuhinji-300x225.jpg\" alt=\"\" width=\"300\" height=\"225\" srcset=\"https:\/\/strucnoobraz.edu.ba\/wp-content\/uploads\/U-kuhinji-300x225.jpg 300w, https:\/\/strucnoobraz.edu.ba\/wp-content\/uploads\/U-kuhinji.jpg 600w\" sizes=\"auto, (max-width: 300px) 100vw, 300px\" \/>&nbsp; &nbsp;<\/p>\n","protected":false},"excerpt":{"rendered":"<p>\u0160kola za srednje stru\u010dno obrazovanje i radno osposobljavanje je u srijedu, 10.05.2017.godine od 09 do 14 sati, organizovala manifestaciju Dan otvorenih vrata, gdje su mnogi osnovci, zainteresirani za ovu \u0161kolu, bili u prilici posjetiti i upoznati se sa njenim nastavnim &hellip; <a href=\"https:\/\/strucnoobraz.edu.ba\/?p=768\">Continue reading <span class=\"meta-nav\">&rarr;<\/span><\/a><\/p>\n","protected":false},"author":1,"featured_media":771,"comment_status":"closed","ping_status":"open","sticky":false,"template":"","format":"standard","meta":{"footnotes":""},"categories":[4],"tags":[],"class_list":["post-768","post","type-post","status-publish","format-standard","has-post-thumbnail","hentry","category-novosti"],"_links":{"self":[{"href":"https:\/\/strucnoobraz.edu.ba\/index.php?rest_route=\/wp\/v2\/posts\/768","targetHints":{"allow":["GET"]}}],"collection":[{"href":"https:\/\/strucnoobraz.edu.ba\/index.php?rest_route=\/wp\/v2\/posts"}],"about":[{"href":"https:\/\/strucnoobraz.edu.ba\/index.php?rest_route=\/wp\/v2\/types\/post"}],"author":[{"embeddable":true,"href":"https:\/\/strucnoobraz.edu.ba\/index.php?rest_route=\/wp\/v2\/users\/1"}],"replies":[{"embeddable":true,"href":"https:\/\/strucnoobraz.edu.ba\/index.php?rest_route=%2Fwp%2Fv2%2Fcomments&post=768"}],"version-history":[{"count":1,"href":"https:\/\/strucnoobraz.edu.ba\/index.php?rest_route=\/wp\/v2\/posts\/768\/revisions"}],"predecessor-version":[{"id":772,"href":"https:\/\/strucnoobraz.edu.ba\/index.php?rest_route=\/wp\/v2\/posts\/768\/revisions\/772"}],"wp:featuredmedia":[{"embeddable":true,"href":"https:\/\/strucnoobraz.edu.ba\/index.php?rest_route=\/wp\/v2\/media\/771"}],"wp:attachment":[{"href":"https:\/\/strucnoobraz.edu.ba\/index.php?rest_route=%2Fwp%2Fv2%2Fmedia&parent=768"}],"wp:term":[{"taxonomy":"category","embeddable":true,"href":"https:\/\/strucnoobraz.edu.ba\/index.php?rest_route=%2Fwp%2Fv2%2Fcategories&post=768"},{"taxonomy":"post_tag","embeddable":true,"href":"https:\/\/strucnoobraz.edu.ba\/index.php?rest_route=%2Fwp%2Fv2%2Ftags&post=768"}],"curies":[{"name":"wp","href":"https:\/\/api.w.org\/{rel}","templated":true}]}}