{"id":765,"date":"2017-04-20T17:08:36","date_gmt":"2017-04-20T15:08:36","guid":{"rendered":"http:\/\/strucnoobraz.edu.ba\/?p=765"},"modified":"2017-05-15T17:09:37","modified_gmt":"2017-05-15T15:09:37","slug":"prijem-u-ministarstvu-civilnih-poslova-bih","status":"publish","type":"post","link":"https:\/\/strucnoobraz.edu.ba\/?p=765","title":{"rendered":"Prijem u Ministarstvu civilnih poslova BiH"},"content":{"rendered":"<p style=\"text-align: left;\"><strong>Prijem kod ministra civilnih poslova gospodina Adila Osmanovi\u0107a<\/strong><\/p>\n<p>&nbsp;&nbsp;&nbsp;&nbsp; Dana 18.04.2017.godine, u Ministarstvu civilnih poslova BiH je uprili\u010den prijem za osvaja\u010de medalja i u\u010desnike Zimskih olimpijskih igara u Austriji, na kome su sportisti Specijalne olimpijade BiH osvojili 15 &nbsp;medalja.<\/p>\n<p>&nbsp;&nbsp;&nbsp;&nbsp; Ovom prijemu prisustvovale su i u\u010denice &#8211; olimpijke na\u0161e \u0161kole: Selmedina Beri\u0161aj, Sanela \u0106orovi\u0107, Edita Dikonja i Hiba Sultanovi\u0107 te profesor \u2013 selektor Aid Ahmetovi\u0107.<\/p>\n<p>&nbsp;&nbsp;&nbsp;&nbsp; Ministar Osmanovi\u0107 je \u010destitao sportistima na dostojnom predstavljanju &nbsp;Bosne i Hercegovine na me\u0111unarodnoj sceni te im uru\u010dio prigodne poklone.<\/p>\n<p><img loading=\"lazy\" decoding=\"async\" class=\"aligncenter size-medium wp-image-766\" src=\"https:\/\/strucnoobraz.edu.ba\/wp-content\/uploads\/13-518-x-291-300x169.jpg\" alt=\"\" width=\"300\" height=\"169\" srcset=\"https:\/\/strucnoobraz.edu.ba\/wp-content\/uploads\/13-518-x-291-300x169.jpg 300w, https:\/\/strucnoobraz.edu.ba\/wp-content\/uploads\/13-518-x-291.jpg 518w\" sizes=\"auto, (max-width: 300px) 100vw, 300px\" \/><\/p>\n<p style=\"text-align: left;\"><strong>Prijem u Ameri\u010dkoj ambasadi BiH<\/strong><\/p>\n<p>&nbsp;&nbsp;&nbsp;&nbsp; Istog dana, delegaciji Specijalne olimpijade BiH je uprili\u010den prijem i u Ameri\u010dkoj ambasadi u BiH. Delegaciju je primio zamjenik ameri\u010dkog ambasadora u BiH koji se zahvalio sportistima na dostojanstvenom predstavljanju dr\u017eave BiH te po\u017eelio sre\u0107u na narednim takmi\u010denjima.<\/p>\n","protected":false},"excerpt":{"rendered":"<p>Prijem kod ministra civilnih poslova gospodina Adila Osmanovi\u0107a &nbsp;&nbsp;&nbsp;&nbsp; Dana 18.04.2017.godine, u Ministarstvu civilnih poslova BiH je uprili\u010den prijem za osvaja\u010de medalja i u\u010desnike Zimskih olimpijskih igara u Austriji, na kome su sportisti Specijalne olimpijade BiH osvojili 15 &nbsp;medalja. &nbsp;&nbsp;&nbsp;&nbsp; &hellip; <a href=\"https:\/\/strucnoobraz.edu.ba\/?p=765\">Continue reading <span class=\"meta-nav\">&rarr;<\/span><\/a><\/p>\n","protected":false},"author":1,"featured_media":766,"comment_status":"closed","ping_status":"open","sticky":false,"template":"","format":"standard","meta":{"footnotes":""},"categories":[4],"tags":[],"class_list":["post-765","post","type-post","status-publish","format-standard","has-post-thumbnail","hentry","category-novosti"],"_links":{"self":[{"href":"https:\/\/strucnoobraz.edu.ba\/index.php?rest_route=\/wp\/v2\/posts\/765","targetHints":{"allow":["GET"]}}],"collection":[{"href":"https:\/\/strucnoobraz.edu.ba\/index.php?rest_route=\/wp\/v2\/posts"}],"about":[{"href":"https:\/\/strucnoobraz.edu.ba\/index.php?rest_route=\/wp\/v2\/types\/post"}],"author":[{"embeddable":true,"href":"https:\/\/strucnoobraz.edu.ba\/index.php?rest_route=\/wp\/v2\/users\/1"}],"replies":[{"embeddable":true,"href":"https:\/\/strucnoobraz.edu.ba\/index.php?rest_route=%2Fwp%2Fv2%2Fcomments&post=765"}],"version-history":[{"count":1,"href":"https:\/\/strucnoobraz.edu.ba\/index.php?rest_route=\/wp\/v2\/posts\/765\/revisions"}],"predecessor-version":[{"id":767,"href":"https:\/\/strucnoobraz.edu.ba\/index.php?rest_route=\/wp\/v2\/posts\/765\/revisions\/767"}],"wp:featuredmedia":[{"embeddable":true,"href":"https:\/\/strucnoobraz.edu.ba\/index.php?rest_route=\/wp\/v2\/media\/766"}],"wp:attachment":[{"href":"https:\/\/strucnoobraz.edu.ba\/index.php?rest_route=%2Fwp%2Fv2%2Fmedia&parent=765"}],"wp:term":[{"taxonomy":"category","embeddable":true,"href":"https:\/\/strucnoobraz.edu.ba\/index.php?rest_route=%2Fwp%2Fv2%2Fcategories&post=765"},{"taxonomy":"post_tag","embeddable":true,"href":"https:\/\/strucnoobraz.edu.ba\/index.php?rest_route=%2Fwp%2Fv2%2Ftags&post=765"}],"curies":[{"name":"wp","href":"https:\/\/api.w.org\/{rel}","templated":true}]}}