{"id":747,"date":"2017-03-10T09:12:50","date_gmt":"2017-03-10T08:12:50","guid":{"rendered":"http:\/\/strucnoobraz.edu.ba\/?p=747"},"modified":"2017-03-10T09:12:50","modified_gmt":"2017-03-10T08:12:50","slug":"zajednicki-trening-takmicara-koji-ce-nastupati-na-zimskim-olimpijskim-igrama-u-austriji-2017-godine","status":"publish","type":"post","link":"https:\/\/strucnoobraz.edu.ba\/?p=747","title":{"rendered":"ZAJEDNI\u010cKI TRENING TAKMI\u010cARA KOJI \u0106E NASTUPATI NA ZIMSKIM OLIMPIJSKIM IGRAMA U AUSTRIJI 2017.GODINE"},"content":{"rendered":"<p>U ponedjeljak, 27.februara 2017.godine, na Ravnoj planini (Pale) je uprili\u010den zajedni\u010dki trening i promocija svih takmi\u010dara Specijalne olimpijade BiH koji \u0107e u\u010destvovati na Zimskim olimpijskim igrama u Austriji. Igre \u0107e biti odr\u017eane od 14.-25.marta 2017.godine.<\/p>\n<p>&nbsp;&nbsp;&nbsp;&nbsp; Ovom doga\u0111aju prisustvovale su i \u010detiri u\u010denice iz na\u0161e \u0161kole: Sanela \u0106orovi\u0107, Selmedina Beri\u0161aj, Edita Dikonja i Hiba Sultanovi\u0107. Zajedno sa na\u0161im profesorom sporta Aidom Ahmetovi\u0107em (trenerom reprezentacije), njih \u010detiri \u0107e nastupiti na ovim igrama u disciplini skija\u0161ko tr\u010danje (cross country) na 500m, 1km i \u0161tafeti 4x1km.<\/p>\n<p>&nbsp;&nbsp;&nbsp;&nbsp; Ovo je velika \u010dast i priznanje za na\u0161u \u0161kolu, jer od ukupno 16 takmi\u010dara iz cijele BiH, najvi\u0161e takmi\u010dara bi\u0107e iz na\u0161e \u0161kole.<\/p>\n<p><img loading=\"lazy\" decoding=\"async\" class=\"aligncenter size-medium wp-image-748\" src=\"https:\/\/strucnoobraz.edu.ba\/wp-content\/uploads\/10-600-x-450-300x225.jpg\" alt=\"\" width=\"300\" height=\"225\" srcset=\"https:\/\/strucnoobraz.edu.ba\/wp-content\/uploads\/10-600-x-450-300x225.jpg 300w, https:\/\/strucnoobraz.edu.ba\/wp-content\/uploads\/10-600-x-450.jpg 600w\" sizes=\"auto, (max-width: 300px) 100vw, 300px\" \/><\/p>\n<h6 style=\"text-align: center;\">Zajedni\u010dka fotografija svih takmi\u010dara i trenera Special Olympics BiH<\/h6>\n","protected":false},"excerpt":{"rendered":"<p>U ponedjeljak, 27.februara 2017.godine, na Ravnoj planini (Pale) je uprili\u010den zajedni\u010dki trening i promocija svih takmi\u010dara Specijalne olimpijade BiH koji \u0107e u\u010destvovati na Zimskim olimpijskim igrama u Austriji. Igre \u0107e biti odr\u017eane od 14.-25.marta 2017.godine. &nbsp;&nbsp;&nbsp;&nbsp; Ovom doga\u0111aju prisustvovale su &hellip; <a href=\"https:\/\/strucnoobraz.edu.ba\/?p=747\">Continue reading <span class=\"meta-nav\">&rarr;<\/span><\/a><\/p>\n","protected":false},"author":1,"featured_media":748,"comment_status":"closed","ping_status":"open","sticky":false,"template":"","format":"standard","meta":{"footnotes":""},"categories":[4],"tags":[],"class_list":["post-747","post","type-post","status-publish","format-standard","has-post-thumbnail","hentry","category-novosti"],"_links":{"self":[{"href":"https:\/\/strucnoobraz.edu.ba\/index.php?rest_route=\/wp\/v2\/posts\/747","targetHints":{"allow":["GET"]}}],"collection":[{"href":"https:\/\/strucnoobraz.edu.ba\/index.php?rest_route=\/wp\/v2\/posts"}],"about":[{"href":"https:\/\/strucnoobraz.edu.ba\/index.php?rest_route=\/wp\/v2\/types\/post"}],"author":[{"embeddable":true,"href":"https:\/\/strucnoobraz.edu.ba\/index.php?rest_route=\/wp\/v2\/users\/1"}],"replies":[{"embeddable":true,"href":"https:\/\/strucnoobraz.edu.ba\/index.php?rest_route=%2Fwp%2Fv2%2Fcomments&post=747"}],"version-history":[{"count":1,"href":"https:\/\/strucnoobraz.edu.ba\/index.php?rest_route=\/wp\/v2\/posts\/747\/revisions"}],"predecessor-version":[{"id":749,"href":"https:\/\/strucnoobraz.edu.ba\/index.php?rest_route=\/wp\/v2\/posts\/747\/revisions\/749"}],"wp:featuredmedia":[{"embeddable":true,"href":"https:\/\/strucnoobraz.edu.ba\/index.php?rest_route=\/wp\/v2\/media\/748"}],"wp:attachment":[{"href":"https:\/\/strucnoobraz.edu.ba\/index.php?rest_route=%2Fwp%2Fv2%2Fmedia&parent=747"}],"wp:term":[{"taxonomy":"category","embeddable":true,"href":"https:\/\/strucnoobraz.edu.ba\/index.php?rest_route=%2Fwp%2Fv2%2Fcategories&post=747"},{"taxonomy":"post_tag","embeddable":true,"href":"https:\/\/strucnoobraz.edu.ba\/index.php?rest_route=%2Fwp%2Fv2%2Ftags&post=747"}],"curies":[{"name":"wp","href":"https:\/\/api.w.org\/{rel}","templated":true}]}}