{"id":744,"date":"2017-03-10T09:04:59","date_gmt":"2017-03-10T08:04:59","guid":{"rendered":"http:\/\/strucnoobraz.edu.ba\/?p=744"},"modified":"2017-03-10T09:04:59","modified_gmt":"2017-03-10T08:04:59","slug":"posjeta-art-kuci-sevdaha","status":"publish","type":"post","link":"https:\/\/strucnoobraz.edu.ba\/?p=744","title":{"rendered":"Posjeta Art ku\u0107i sevdaha"},"content":{"rendered":"<p><em>U okviru predmeta Kultura religija i nastavne jedinke \u201eKulturni diprinos religija arhitekturi, slikarstvu i muzici\u201c u\u010denici JU \u201c\u0160kola za srednje stru\u010dno obrazovanje i radno osposobljavanje\u201c izrazili su \u017eelju da posjete <u>Art ku\u0107u sevdaha<\/u>. <\/em><\/p>\n<p><em>Srda\u010dnu dobrodo\u0161licu u Art ku\u0107u sevdaha u srijedu 22. februara 2017. godine po\u017eelio nam je Amir \u010cehaji\u0107. <\/em><\/p>\n<p><em>Art ku\u0107a sevdaha nalazi se u samom srcu sarajevske Ba\u0161\u010dar\u0161ije i raspola\u017ee sa ukupno 270 m2 zatvorenog prostora i unutra\u0161njim centralnim dvori\u0161tem povr\u0161ine 144 m2. Sve ovo predstavlja jedinstvenu kompoziciju i ambijentalnu cjelinu.<\/em><\/p>\n<p><em>Unutra\u0161nji prostor je osmi\u0161ljen tako da ima protok kroz historijski prikaz razvoja sevdaha, od njegovih po\u010detaka pa do suvremenih sadr\u017eaja, poput multimedijalnih prostora posve\u0107enih autorima, interpretatorima i velikanima sevdalinke. Dio prostora je planiran za organiziranje tematskih, nau\u010dnih i stru\u010dnih skupova posve\u0107enih sevdalinci, a u svakoj od tematskih soba obezbije\u0111en je multimedijalni, audio-vizualni sadr\u017eaj u kome se mogu preslu\u0161avati sevdalinke i gledati video sadr\u017eaji vezani uz sevdah<\/em><\/p>\n<p><em>U dijelu prostora ove Art ku\u0107e smje\u0161teni su biblioteka i knj\u017eara u kojima se nalazi arhivska gra\u0111a i publicistika koja svojim sadr\u017eajima nuditi historijski prikaz razvoja bosanskohercegova\u010de sevdalinke. Eksponati postavke kre\u0107u se od osvojenih nagrada, muzi\u010dkih instrumenata, dvojezi\u010dnih zapisa o svakom eksponatu, autorima, interpretatorima i muzi\u010darima, pa do muzi\u010dkih kataloga, plakata, arhiva i sl..<\/em><\/p>\n<p><em>Osnovni zadatak ovog kapitalnog projekta je o\u010duvanje jednog zna\u010dajnog dijela kulturne tradicije BiH kroz vizualizaciju sevdalinke i multimedijalnu prezentaciju njene osobenosti. Poznata je \u010dinjenica da je bosanskohercegova\u010dka sevdalinka u stoljetno historijskom usponu dostigla najsavr\u0161eniji umjetni\u010dki izraz i da su njeni autori i interpretatori nezaobilazan faktor kulturnog identiteta ovih prostora. Zbog toga \u0107e Art ku\u0107a sevdaha nesumnjivo biti mjesto posve\u0107eno sevdalinci i u njoj \u0107e se na\u0107i sve osobenosti vezane za ovaj literarni i muzi\u010dki izraz.<\/em><\/p>\n<p><em>Svim ovim sadr\u017eajima je dodata i Sevdah kahva \u2013 prostor gdje se mo\u017ee sjesti i popiti prava bosanska kafa, a mi smo imali priliku i zadovoljstvo probati hurma\u0161icu i doma\u0107i sok.<\/em><\/p>\n<p><img loading=\"lazy\" decoding=\"async\" class=\"aligncenter size-medium wp-image-745\" src=\"https:\/\/strucnoobraz.edu.ba\/wp-content\/uploads\/9-300x225.jpg\" alt=\"\" width=\"300\" height=\"225\" srcset=\"https:\/\/strucnoobraz.edu.ba\/wp-content\/uploads\/9-300x225.jpg 300w, https:\/\/strucnoobraz.edu.ba\/wp-content\/uploads\/9-768x576.jpg 768w, https:\/\/strucnoobraz.edu.ba\/wp-content\/uploads\/9.jpg 960w\" sizes=\"auto, (max-width: 300px) 100vw, 300px\" \/><\/p>\n","protected":false},"excerpt":{"rendered":"<p>U okviru predmeta Kultura religija i nastavne jedinke \u201eKulturni diprinos religija arhitekturi, slikarstvu i muzici\u201c u\u010denici JU \u201c\u0160kola za srednje stru\u010dno obrazovanje i radno osposobljavanje\u201c izrazili su \u017eelju da posjete Art ku\u0107u sevdaha. Srda\u010dnu dobrodo\u0161licu u Art ku\u0107u sevdaha u &hellip; <a href=\"https:\/\/strucnoobraz.edu.ba\/?p=744\">Continue reading <span class=\"meta-nav\">&rarr;<\/span><\/a><\/p>\n","protected":false},"author":1,"featured_media":745,"comment_status":"closed","ping_status":"open","sticky":false,"template":"","format":"standard","meta":{"footnotes":""},"categories":[4],"tags":[],"class_list":["post-744","post","type-post","status-publish","format-standard","has-post-thumbnail","hentry","category-novosti"],"_links":{"self":[{"href":"https:\/\/strucnoobraz.edu.ba\/index.php?rest_route=\/wp\/v2\/posts\/744","targetHints":{"allow":["GET"]}}],"collection":[{"href":"https:\/\/strucnoobraz.edu.ba\/index.php?rest_route=\/wp\/v2\/posts"}],"about":[{"href":"https:\/\/strucnoobraz.edu.ba\/index.php?rest_route=\/wp\/v2\/types\/post"}],"author":[{"embeddable":true,"href":"https:\/\/strucnoobraz.edu.ba\/index.php?rest_route=\/wp\/v2\/users\/1"}],"replies":[{"embeddable":true,"href":"https:\/\/strucnoobraz.edu.ba\/index.php?rest_route=%2Fwp%2Fv2%2Fcomments&post=744"}],"version-history":[{"count":1,"href":"https:\/\/strucnoobraz.edu.ba\/index.php?rest_route=\/wp\/v2\/posts\/744\/revisions"}],"predecessor-version":[{"id":746,"href":"https:\/\/strucnoobraz.edu.ba\/index.php?rest_route=\/wp\/v2\/posts\/744\/revisions\/746"}],"wp:featuredmedia":[{"embeddable":true,"href":"https:\/\/strucnoobraz.edu.ba\/index.php?rest_route=\/wp\/v2\/media\/745"}],"wp:attachment":[{"href":"https:\/\/strucnoobraz.edu.ba\/index.php?rest_route=%2Fwp%2Fv2%2Fmedia&parent=744"}],"wp:term":[{"taxonomy":"category","embeddable":true,"href":"https:\/\/strucnoobraz.edu.ba\/index.php?rest_route=%2Fwp%2Fv2%2Fcategories&post=744"},{"taxonomy":"post_tag","embeddable":true,"href":"https:\/\/strucnoobraz.edu.ba\/index.php?rest_route=%2Fwp%2Fv2%2Ftags&post=744"}],"curies":[{"name":"wp","href":"https:\/\/api.w.org\/{rel}","templated":true}]}}