{"id":73,"date":"2013-06-12T13:28:22","date_gmt":"2013-06-12T11:28:22","guid":{"rendered":"http:\/\/strucnoobraz.web.ba\/?p=73"},"modified":"2013-06-12T20:43:33","modified_gmt":"2013-06-12T18:43:33","slug":"posjeta-valentina-inzka-sssoiro","status":"publish","type":"post","link":"https:\/\/strucnoobraz.edu.ba\/?p=73","title":{"rendered":"Posjeta Valentina Inzka \u0160SSOIRO"},"content":{"rendered":"<p><a href=\"https:\/\/strucnoobraz.edu.ba\/wp-content\/uploads\/2013\/06\/visita.jpg\"><img loading=\"lazy\" decoding=\"async\" class=\"alignleft size-full wp-image-75\" alt=\"visita\" src=\"https:\/\/strucnoobraz.edu.ba\/wp-content\/uploads\/2013\/06\/visita.jpg\" width=\"211\" height=\"70\" \/><\/a>Visoki predstavnik i specijalni predstavnik EU Valentin Inzko, 19.10.2010. godine posjetio je na\u0161u \u0161kolu. Donirao je zajedno sa OHR-om vrijedne donacije poput stolova, kompjutera i druge opreme.<\/p>\n<p>Nakon kra\u0107eg obilaska prostorija na\u0161e \u0160kole, uprili\u010deno je dru\u017eenje Visokog proedstavnika sa profesorima u nastavnoj sali, gdje su se razmatrala pitanja i problemi na\u0161e ustanove.<\/p>\n<p><a href=\"https:\/\/strucnoobraz.edu.ba\/wp-content\/uploads\/2013\/06\/img_1730.jpg\"><img loading=\"lazy\" decoding=\"async\" class=\"alignleft size-medium wp-image-74\" alt=\"img_1730\" src=\"https:\/\/strucnoobraz.edu.ba\/wp-content\/uploads\/2013\/06\/img_1730-300x200.jpg\" width=\"300\" height=\"200\" srcset=\"https:\/\/strucnoobraz.edu.ba\/wp-content\/uploads\/2013\/06\/img_1730-300x200.jpg 300w, https:\/\/strucnoobraz.edu.ba\/wp-content\/uploads\/2013\/06\/img_1730.jpg 720w\" sizes=\"auto, (max-width: 300px) 100vw, 300px\" \/><\/a>Visoki predstavnik Valentin Inzko upoznat je sa odgojno-obrazovnim radom na\u0161e \u0161kole i o detaljnijim problemima vezanim za obrazovanje djece s posebnim potrebama na podru\u010dju Kantona Sarajevo.<\/p>\n<p>OHR \u0107e nastaviti sa suradnjom i podr\u017eavanjem na\u0161e \u0161kole i u budu\u0107nosti, jer pomo\u0107 i podr\u0161ka za obrazovanje u\u010denika \u0160SSOiRO imaju poseban zna\u010daj kako za na\u0161u ustanovu, tako i za same u\u010denike.<\/p>\n<p>Vi\u0161e slika mo\u017eete pogledati u galeriji.<\/p>\n","protected":false},"excerpt":{"rendered":"<p>Visoki predstavnik i specijalni predstavnik EU Valentin Inzko, 19.10.2010. godine posjetio je na\u0161u \u0161kolu. Donirao je zajedno sa OHR-om vrijedne donacije poput stolova, kompjutera i druge opreme. Nakon kra\u0107eg obilaska prostorija na\u0161e \u0160kole, uprili\u010deno je dru\u017eenje Visokog proedstavnika sa profesorima &hellip; <a href=\"https:\/\/strucnoobraz.edu.ba\/?p=73\">Continue reading <span class=\"meta-nav\">&rarr;<\/span><\/a><\/p>\n","protected":false},"author":1,"featured_media":75,"comment_status":"closed","ping_status":"open","sticky":false,"template":"","format":"standard","meta":{"footnotes":""},"categories":[4],"tags":[],"class_list":["post-73","post","type-post","status-publish","format-standard","has-post-thumbnail","hentry","category-novosti"],"_links":{"self":[{"href":"https:\/\/strucnoobraz.edu.ba\/index.php?rest_route=\/wp\/v2\/posts\/73","targetHints":{"allow":["GET"]}}],"collection":[{"href":"https:\/\/strucnoobraz.edu.ba\/index.php?rest_route=\/wp\/v2\/posts"}],"about":[{"href":"https:\/\/strucnoobraz.edu.ba\/index.php?rest_route=\/wp\/v2\/types\/post"}],"author":[{"embeddable":true,"href":"https:\/\/strucnoobraz.edu.ba\/index.php?rest_route=\/wp\/v2\/users\/1"}],"replies":[{"embeddable":true,"href":"https:\/\/strucnoobraz.edu.ba\/index.php?rest_route=%2Fwp%2Fv2%2Fcomments&post=73"}],"version-history":[{"count":2,"href":"https:\/\/strucnoobraz.edu.ba\/index.php?rest_route=\/wp\/v2\/posts\/73\/revisions"}],"predecessor-version":[{"id":249,"href":"https:\/\/strucnoobraz.edu.ba\/index.php?rest_route=\/wp\/v2\/posts\/73\/revisions\/249"}],"wp:featuredmedia":[{"embeddable":true,"href":"https:\/\/strucnoobraz.edu.ba\/index.php?rest_route=\/wp\/v2\/media\/75"}],"wp:attachment":[{"href":"https:\/\/strucnoobraz.edu.ba\/index.php?rest_route=%2Fwp%2Fv2%2Fmedia&parent=73"}],"wp:term":[{"taxonomy":"category","embeddable":true,"href":"https:\/\/strucnoobraz.edu.ba\/index.php?rest_route=%2Fwp%2Fv2%2Fcategories&post=73"},{"taxonomy":"post_tag","embeddable":true,"href":"https:\/\/strucnoobraz.edu.ba\/index.php?rest_route=%2Fwp%2Fv2%2Ftags&post=73"}],"curies":[{"name":"wp","href":"https:\/\/api.w.org\/{rel}","templated":true}]}}