{"id":721,"date":"2016-11-21T18:31:06","date_gmt":"2016-11-21T17:31:06","guid":{"rendered":"http:\/\/strucnoobraz.edu.ba\/?p=721"},"modified":"2016-11-21T18:31:06","modified_gmt":"2016-11-21T17:31:06","slug":"posjeta-sajmu-djecija-nedjelja","status":"publish","type":"post","link":"https:\/\/strucnoobraz.edu.ba\/?p=721","title":{"rendered":"Posjeta sajmu \u2013 Dje\u010dija nedjelja"},"content":{"rendered":"<p>U okviru Dje\u010dije nedjelje 05.10.2016 godine,&nbsp; posjetili smo sajam stvarala\u0161tva djece i omladine \u201eProbudite se\u201c, koji se odr\u017eavao u BKC-u. <!--more-->Sajam su posjetili nastavnici: Dautba\u0161i\u0107 Elvira, Dajd\u017ei\u0107 Vahida, Sivac Merima, Ahmetovi\u0107 Aid, Bi\u0161\u0107evi\u0107 Inga, Beganovi\u0107-\u010celebi\u0107 Amra, Durgut Jasna i Kubura Lejla sa u\u010denicima I1.<\/p>\n<p>U\u010denici su se uklju\u010dili u radionicu bojenja drvenih predmeta u okviru organizacije Sumero!<\/p>\n<p><img loading=\"lazy\" decoding=\"async\" class=\" wp-image-725 alignleft\" src=\"https:\/\/strucnoobraz.edu.ba\/wp-content\/uploads\/4-300x201.jpg\" alt=\"4\" width=\"334\" height=\"224\" srcset=\"https:\/\/strucnoobraz.edu.ba\/wp-content\/uploads\/4-300x201.jpg 300w, https:\/\/strucnoobraz.edu.ba\/wp-content\/uploads\/4.jpg 596w\" sizes=\"auto, (max-width: 334px) 100vw, 334px\" \/>&nbsp; &nbsp; &nbsp;<img loading=\"lazy\" decoding=\"async\" class=\"size-medium wp-image-724 alignleft\" src=\"https:\/\/strucnoobraz.edu.ba\/wp-content\/uploads\/3-300x225.jpg\" alt=\"3\" width=\"300\" height=\"225\" srcset=\"https:\/\/strucnoobraz.edu.ba\/wp-content\/uploads\/3-300x225.jpg 300w, https:\/\/strucnoobraz.edu.ba\/wp-content\/uploads\/3.jpg 531w\" sizes=\"auto, (max-width: 300px) 100vw, 300px\" \/><\/p>\n<p>&nbsp;<\/p>\n<p>&nbsp;<\/p>\n<p>&nbsp;<\/p>\n<p>&nbsp;<\/p>\n<p>&nbsp;<\/p>\n<p>&nbsp;<\/p>\n<p><img loading=\"lazy\" decoding=\"async\" class=\"size-medium wp-image-723 alignleft\" src=\"https:\/\/strucnoobraz.edu.ba\/wp-content\/uploads\/2-300x217.jpg\" alt=\"2\" width=\"300\" height=\"217\" srcset=\"https:\/\/strucnoobraz.edu.ba\/wp-content\/uploads\/2-300x217.jpg 300w, https:\/\/strucnoobraz.edu.ba\/wp-content\/uploads\/2.jpg 573w\" sizes=\"auto, (max-width: 300px) 100vw, 300px\" \/><\/p>\n<p><img loading=\"lazy\" decoding=\"async\" class=\"size-medium wp-image-722 alignleft\" src=\"https:\/\/strucnoobraz.edu.ba\/wp-content\/uploads\/1-300x225.jpg\" alt=\"1\" width=\"300\" height=\"225\" srcset=\"https:\/\/strucnoobraz.edu.ba\/wp-content\/uploads\/1-300x225.jpg 300w, https:\/\/strucnoobraz.edu.ba\/wp-content\/uploads\/1.jpg 552w\" sizes=\"auto, (max-width: 300px) 100vw, 300px\" \/>&nbsp;&nbsp;<\/p>\n","protected":false},"excerpt":{"rendered":"<p>U okviru Dje\u010dije nedjelje 05.10.2016 godine,&nbsp; posjetili smo sajam stvarala\u0161tva djece i omladine \u201eProbudite se\u201c, koji se odr\u017eavao u BKC-u.<\/p>\n","protected":false},"author":1,"featured_media":722,"comment_status":"closed","ping_status":"open","sticky":false,"template":"","format":"standard","meta":{"footnotes":""},"categories":[4],"tags":[],"class_list":["post-721","post","type-post","status-publish","format-standard","has-post-thumbnail","hentry","category-novosti"],"_links":{"self":[{"href":"https:\/\/strucnoobraz.edu.ba\/index.php?rest_route=\/wp\/v2\/posts\/721","targetHints":{"allow":["GET"]}}],"collection":[{"href":"https:\/\/strucnoobraz.edu.ba\/index.php?rest_route=\/wp\/v2\/posts"}],"about":[{"href":"https:\/\/strucnoobraz.edu.ba\/index.php?rest_route=\/wp\/v2\/types\/post"}],"author":[{"embeddable":true,"href":"https:\/\/strucnoobraz.edu.ba\/index.php?rest_route=\/wp\/v2\/users\/1"}],"replies":[{"embeddable":true,"href":"https:\/\/strucnoobraz.edu.ba\/index.php?rest_route=%2Fwp%2Fv2%2Fcomments&post=721"}],"version-history":[{"count":2,"href":"https:\/\/strucnoobraz.edu.ba\/index.php?rest_route=\/wp\/v2\/posts\/721\/revisions"}],"predecessor-version":[{"id":727,"href":"https:\/\/strucnoobraz.edu.ba\/index.php?rest_route=\/wp\/v2\/posts\/721\/revisions\/727"}],"wp:featuredmedia":[{"embeddable":true,"href":"https:\/\/strucnoobraz.edu.ba\/index.php?rest_route=\/wp\/v2\/media\/722"}],"wp:attachment":[{"href":"https:\/\/strucnoobraz.edu.ba\/index.php?rest_route=%2Fwp%2Fv2%2Fmedia&parent=721"}],"wp:term":[{"taxonomy":"category","embeddable":true,"href":"https:\/\/strucnoobraz.edu.ba\/index.php?rest_route=%2Fwp%2Fv2%2Fcategories&post=721"},{"taxonomy":"post_tag","embeddable":true,"href":"https:\/\/strucnoobraz.edu.ba\/index.php?rest_route=%2Fwp%2Fv2%2Ftags&post=721"}],"curies":[{"name":"wp","href":"https:\/\/api.w.org\/{rel}","templated":true}]}}