{"id":664,"date":"2016-06-02T10:36:20","date_gmt":"2016-06-02T08:36:20","guid":{"rendered":"http:\/\/strucnoobraz.web.ba\/?p=664"},"modified":"2016-06-24T23:02:51","modified_gmt":"2016-06-24T21:02:51","slug":"sportsko-takmicenje-povodom-31-maja-dana-centra-vladimir-nazor","status":"publish","type":"post","link":"https:\/\/strucnoobraz.edu.ba\/?p=664","title":{"rendered":"SPORTSKO TAKMI\u010cENJE POVODOM 31. MAJA &#8211; DANA CENTRA VLADIMIR NAZOR"},"content":{"rendered":"<p style=\"text-align: center;\">SPORTSKO TAKMI\u010cENJE POVODOM 31. MAJA &#8211; DANA CENTRA VLADIMIR NAZOR<\/p>\n<p style=\"text-align: justify;\">Povodom 31. maja &#8211; Dana centra &#8220;Vladimir Nazor&#8221;, u fiskulturnoj sali , odr\u017eano je ekipno sportsko takmi\u010denje u znanji i spretnosti. Djeca su se takmi\u010dila u osam disciplina i to: obaranje \u010dunjeva medicinkom, ubacivanje loptice u tri korpe razli\u010ditih veli\u010dina, poligon spretnosti, razvrstavanje loptica osnovnih boja, \u0161utiranje lopte na prazan gol, obaranje plasti\u010dnih \u010da\u0161a sa stola, preno\u0161enje medicinki i preskakanje prepreka.<\/p>\n<p style=\"text-align: justify;\">Na ovom takmi\u010denju u\u010destvovali su u\u010denici iz pet \u0161kola: Centar &#8220;Vladimir Nazor&#8221;, Zavod &#8220;Mjedenica&#8221;, O.\u0160. Hrasno, O.\u0160. Aleksa \u0160anti\u0107 te ekipa na\u0161e \u0161kole.<\/p>\n<p style=\"text-align: justify;\">Na\u0161u \u0161kolu predstavljali su sljede\u0107i u\u010denici: Avdi\u0107 Ahmedin, Duri\u0107 Kemal, Spori\u0161evi\u0107 Nadina, Ahmetovi\u0107 Fadil, Pozder Ermin, Dikonja Edita, Isi\u0107 Asja i Muj\u010di\u0107 Ajdin.<\/p>\n<p style=\"text-align: justify;\"><a href=\"https:\/\/strucnoobraz.edu.ba\/wp-content\/uploads\/2016\/06\/sl-4.png\"><img loading=\"lazy\" decoding=\"async\" class=\"aligncenter size-medium wp-image-662\" src=\"https:\/\/strucnoobraz.edu.ba\/wp-content\/uploads\/2016\/06\/sl-4-300x223.png\" alt=\"sl 4\" width=\"300\" height=\"223\" srcset=\"https:\/\/strucnoobraz.edu.ba\/wp-content\/uploads\/2016\/06\/sl-4-300x223.png 300w, https:\/\/strucnoobraz.edu.ba\/wp-content\/uploads\/2016\/06\/sl-4.png 311w\" sizes=\"auto, (max-width: 300px) 100vw, 300px\" \/><\/a><\/p>\n","protected":false},"excerpt":{"rendered":"<p>SPORTSKO TAKMI\u010cENJE POVODOM 31. MAJA &#8211; DANA CENTRA VLADIMIR NAZOR Povodom 31. maja &#8211; Dana centra &#8220;Vladimir Nazor&#8221;, u fiskulturnoj sali , odr\u017eano je ekipno sportsko takmi\u010denje u znanji i spretnosti. Djeca su se takmi\u010dila u osam disciplina i to: &hellip; <a href=\"https:\/\/strucnoobraz.edu.ba\/?p=664\">Continue reading <span class=\"meta-nav\">&rarr;<\/span><\/a><\/p>\n","protected":false},"author":1,"featured_media":662,"comment_status":"closed","ping_status":"open","sticky":false,"template":"","format":"standard","meta":{"footnotes":""},"categories":[4],"tags":[],"class_list":["post-664","post","type-post","status-publish","format-standard","has-post-thumbnail","hentry","category-novosti"],"_links":{"self":[{"href":"https:\/\/strucnoobraz.edu.ba\/index.php?rest_route=\/wp\/v2\/posts\/664","targetHints":{"allow":["GET"]}}],"collection":[{"href":"https:\/\/strucnoobraz.edu.ba\/index.php?rest_route=\/wp\/v2\/posts"}],"about":[{"href":"https:\/\/strucnoobraz.edu.ba\/index.php?rest_route=\/wp\/v2\/types\/post"}],"author":[{"embeddable":true,"href":"https:\/\/strucnoobraz.edu.ba\/index.php?rest_route=\/wp\/v2\/users\/1"}],"replies":[{"embeddable":true,"href":"https:\/\/strucnoobraz.edu.ba\/index.php?rest_route=%2Fwp%2Fv2%2Fcomments&post=664"}],"version-history":[{"count":2,"href":"https:\/\/strucnoobraz.edu.ba\/index.php?rest_route=\/wp\/v2\/posts\/664\/revisions"}],"predecessor-version":[{"id":666,"href":"https:\/\/strucnoobraz.edu.ba\/index.php?rest_route=\/wp\/v2\/posts\/664\/revisions\/666"}],"wp:featuredmedia":[{"embeddable":true,"href":"https:\/\/strucnoobraz.edu.ba\/index.php?rest_route=\/wp\/v2\/media\/662"}],"wp:attachment":[{"href":"https:\/\/strucnoobraz.edu.ba\/index.php?rest_route=%2Fwp%2Fv2%2Fmedia&parent=664"}],"wp:term":[{"taxonomy":"category","embeddable":true,"href":"https:\/\/strucnoobraz.edu.ba\/index.php?rest_route=%2Fwp%2Fv2%2Fcategories&post=664"},{"taxonomy":"post_tag","embeddable":true,"href":"https:\/\/strucnoobraz.edu.ba\/index.php?rest_route=%2Fwp%2Fv2%2Ftags&post=664"}],"curies":[{"name":"wp","href":"https:\/\/api.w.org\/{rel}","templated":true}]}}