{"id":639,"date":"2016-04-07T12:02:56","date_gmt":"2016-04-07T10:02:56","guid":{"rendered":"http:\/\/strucnoobraz.web.ba\/?p=639"},"modified":"2016-06-24T23:05:44","modified_gmt":"2016-06-24T21:05:44","slug":"sportsko-takmicenje-povodom-2-aprila-svjetskog-dana-osoba-za-autizmom-4-4-2016","status":"publish","type":"post","link":"https:\/\/strucnoobraz.edu.ba\/?p=639","title":{"rendered":"SPORTSKO TAKMI\u010cENJE POVODOM  2. APRILA \u2013 SVJETSKOG DANA OSOBA ZA AUTIZMOM \u2013 4.4.2016."},"content":{"rendered":"<p style=\"text-align: center;\"><strong>SPORTSKO TAKMI\u010cENJE POVODOM\u00a0 2. APRILA \u2013 SVJETSKOG DANA OSOBA ZA AUTIZMOM \u2013 4.4.2016.<\/strong><\/p>\n<p>Povodom 2.aprila \u2013 Svjetskog dana osoba sa autizmom, u Centru \u201eVladimir Nazor\u201c, odr\u017eano je MATP (Motority Activity Training Program) takmi\u010denje u znanju i spretnosti za djecu sa umjerenim i te\u017eim intelektualnim te\u0161ko\u0107ama. Djeca su se takmi\u010dila u \u010detiri discipline i to: no\u0161enje medicinki razli\u010ditih te\u017eina, suno\u017eni skokovi preko prepreka, poligon spretnosti i okretnosti i ga\u0111anje plasti\u010dnih \u010da\u0161a.<\/p>\n<p>Na ovom takmi\u010denju u\u010destvovalo je devet ekipa iz Centra \u201eVladimir Nazor\u201c, te jedna ekipa iz na\u0161e \u0161kole.<\/p>\n<p>Na\u0161u \u0161kolu predstavljali su sljede\u0107i u\u010denici: Avdi\u0107 Ahmedin, Ahmetovi\u0107 Fadil, Spori\u0161evi\u0107 Nadina i \u0106orovi\u0107 D\u017eenita.<\/p>\n<p><a href=\"https:\/\/strucnoobraz.edu.ba\/wp-content\/uploads\/2016\/04\/sl-aid3.png\"><img loading=\"lazy\" decoding=\"async\" class=\"aligncenter size-medium wp-image-638\" src=\"https:\/\/strucnoobraz.edu.ba\/wp-content\/uploads\/2016\/04\/sl-aid3-300x226.png\" alt=\"sl aid3\" width=\"300\" height=\"226\" srcset=\"https:\/\/strucnoobraz.edu.ba\/wp-content\/uploads\/2016\/04\/sl-aid3-300x226.png 300w, https:\/\/strucnoobraz.edu.ba\/wp-content\/uploads\/2016\/04\/sl-aid3.png 480w\" sizes=\"auto, (max-width: 300px) 100vw, 300px\" \/><\/a><\/p>\n","protected":false},"excerpt":{"rendered":"<p>SPORTSKO TAKMI\u010cENJE POVODOM\u00a0 2. APRILA \u2013 SVJETSKOG DANA OSOBA ZA AUTIZMOM \u2013 4.4.2016. Povodom 2.aprila \u2013 Svjetskog dana osoba sa autizmom, u Centru \u201eVladimir Nazor\u201c, odr\u017eano je MATP (Motority Activity Training Program) takmi\u010denje u znanju i spretnosti za djecu sa &hellip; <a href=\"https:\/\/strucnoobraz.edu.ba\/?p=639\">Continue reading <span class=\"meta-nav\">&rarr;<\/span><\/a><\/p>\n","protected":false},"author":1,"featured_media":638,"comment_status":"closed","ping_status":"open","sticky":false,"template":"","format":"standard","meta":{"footnotes":""},"categories":[4],"tags":[],"class_list":["post-639","post","type-post","status-publish","format-standard","has-post-thumbnail","hentry","category-novosti"],"_links":{"self":[{"href":"https:\/\/strucnoobraz.edu.ba\/index.php?rest_route=\/wp\/v2\/posts\/639","targetHints":{"allow":["GET"]}}],"collection":[{"href":"https:\/\/strucnoobraz.edu.ba\/index.php?rest_route=\/wp\/v2\/posts"}],"about":[{"href":"https:\/\/strucnoobraz.edu.ba\/index.php?rest_route=\/wp\/v2\/types\/post"}],"author":[{"embeddable":true,"href":"https:\/\/strucnoobraz.edu.ba\/index.php?rest_route=\/wp\/v2\/users\/1"}],"replies":[{"embeddable":true,"href":"https:\/\/strucnoobraz.edu.ba\/index.php?rest_route=%2Fwp%2Fv2%2Fcomments&post=639"}],"version-history":[{"count":1,"href":"https:\/\/strucnoobraz.edu.ba\/index.php?rest_route=\/wp\/v2\/posts\/639\/revisions"}],"predecessor-version":[{"id":640,"href":"https:\/\/strucnoobraz.edu.ba\/index.php?rest_route=\/wp\/v2\/posts\/639\/revisions\/640"}],"wp:featuredmedia":[{"embeddable":true,"href":"https:\/\/strucnoobraz.edu.ba\/index.php?rest_route=\/wp\/v2\/media\/638"}],"wp:attachment":[{"href":"https:\/\/strucnoobraz.edu.ba\/index.php?rest_route=%2Fwp%2Fv2%2Fmedia&parent=639"}],"wp:term":[{"taxonomy":"category","embeddable":true,"href":"https:\/\/strucnoobraz.edu.ba\/index.php?rest_route=%2Fwp%2Fv2%2Fcategories&post=639"},{"taxonomy":"post_tag","embeddable":true,"href":"https:\/\/strucnoobraz.edu.ba\/index.php?rest_route=%2Fwp%2Fv2%2Ftags&post=639"}],"curies":[{"name":"wp","href":"https:\/\/api.w.org\/{rel}","templated":true}]}}