{"id":590,"date":"2015-06-10T09:35:23","date_gmt":"2015-06-10T07:35:23","guid":{"rendered":"http:\/\/strucnoobraz.web.ba\/?p=590"},"modified":"2015-06-23T09:07:47","modified_gmt":"2015-06-23T07:07:47","slug":"takmicenje-vatrena-kuhinja-kulinarstvo-je-umjetnost","status":"publish","type":"post","link":"https:\/\/strucnoobraz.edu.ba\/?p=590","title":{"rendered":"TAKMI\u010cENJE \u201cVATRENA KUHINJA\u201d     KULINARSTVO JE \u201cUMJETNOST\u201d"},"content":{"rendered":"<p><strong><em>Dana 31.05.2015.god.odrzano je takmi\u010denje pod nazivom \u201cVatrena kuhinja\u201d u Motelu Mujani\u0107. U\u010denici na\u0161e \u0161kole odsjek za Turizam i ugostiteljstvo, smjer: kuhar, u\u010denici Amer \u0160edo, Karahmet Muhamed i Had\u017eime\u0161i\u0107 Dejla \u00a0zajedno\u00a0 sa\u00a0 prof. Almom Bandi\u0107 i prof. Vahidom Dajd\u017ei\u0107 su zauzeli u\u010de\u0161\u0107e na takmi\u010denju \u201cVatrena kuhinja\u201d.<\/em><\/strong><\/p>\n<p><strong><em>Svojim kreativnim zalaganjem na\u0161i u\u010denici su dokazali svoj talenat i ljubav prema kulinarstvu, osvojiv\u0161i predivnu nagradu za najbolje pripremljeni\u00a0 izlo\u017ebeni eksponat \u201cHladna plata\u201d.<\/em><\/strong><\/p>\n<p><strong><em>Ovom doga\u0111aju su prisustvovali i predstavnici poznatih ugostiteljskih objekata kao i u\u010denici iz vi\u0161e Ugostiteljsko-turisti\u010dkih \u0161kola sa Kantona Sarajevo kao \u0161to su:<\/em><\/strong><\/p>\n<ul>\n<li><strong><em>restoran \u201cAs\u201d, restoran\u201dMostrali\u0107\u201d, restoran \u201cKelix\u201d,<\/em><\/strong><\/li>\n<li><strong><em>predstavnici hotela \u201cHolywood\u201d, predstavnici hotela \u201cEmiran\u201d<\/em><\/strong><\/li>\n<li><strong><em>doma\u0107in ovog takmi\u010denja-predstavnici motela\u201dMujani\u0107\u201d<\/em><\/strong><\/li>\n<li><strong><em>\u0160kola za srednje stru\u010dno obrazovanje i radno osposobljavanje<\/em><\/strong><\/li>\n<li><strong><em>u\u010denici \u201cSrednjo\u0161kolskog centra\u201d iz Had\u017ei\u0107a<\/em><\/strong><\/li>\n<li><strong><em>kao i pokrovitelji ovog takmi\u010denja hotel \u201cEmiran\u201d i \u201c Srednjo\u0161kolski centar Had\u017ei\u0107i\u201d.<\/em><\/strong><\/li>\n<\/ul>\n<p><strong><em>Stru\u010dni \u017eiri je zastupao: profesor Safet Dajd\u017ei\u0107, profesorice Sedika Durakovi\u0107 i\u00a0 Vezira Muhovi\u0107. Ovaj projekat je imao za cilj razmjenu\u00a0 iskustava i znanja u kulinarskim vje\u0161tinama\u00a0 izme\u0111u amatera kuhara u\u010denika srednjih \u0161kola kao i ja\u010danje njihove svijesti o turizmu i kulinarstvu na <\/em><\/strong><strong><em>Kantonu Sarajevo.<\/em><\/strong><\/p>\n<p><strong><em>\u00a0<a href=\"https:\/\/strucnoobraz.edu.ba\/wp-content\/uploads\/2015\/06\/vahida-1.jpg\"><img loading=\"lazy\" decoding=\"async\" class=\"alignleft size-medium wp-image-587\" src=\"https:\/\/strucnoobraz.edu.ba\/wp-content\/uploads\/2015\/06\/vahida-1-225x300.jpg\" alt=\"vahida 1\" width=\"225\" height=\"300\" srcset=\"https:\/\/strucnoobraz.edu.ba\/wp-content\/uploads\/2015\/06\/vahida-1-225x300.jpg 225w, https:\/\/strucnoobraz.edu.ba\/wp-content\/uploads\/2015\/06\/vahida-1.jpg 720w\" sizes=\"auto, (max-width: 225px) 100vw, 225px\" \/><\/a><a href=\"https:\/\/strucnoobraz.edu.ba\/wp-content\/uploads\/2015\/06\/Bez-naslova.png\"><img loading=\"lazy\" decoding=\"async\" class=\"aligncenter size-full wp-image-588\" src=\"https:\/\/strucnoobraz.edu.ba\/wp-content\/uploads\/2015\/06\/Bez-naslova.png\" alt=\"Bez naslova\" width=\"265\" height=\"212\" \/><\/a><a href=\"https:\/\/strucnoobraz.edu.ba\/wp-content\/uploads\/2015\/06\/vahida-2.jpg\"><img loading=\"lazy\" decoding=\"async\" class=\"alignright size-medium wp-image-586\" src=\"https:\/\/strucnoobraz.edu.ba\/wp-content\/uploads\/2015\/06\/vahida-2-300x225.jpg\" alt=\"vahida 2\" width=\"300\" height=\"225\" srcset=\"https:\/\/strucnoobraz.edu.ba\/wp-content\/uploads\/2015\/06\/vahida-2-300x225.jpg 300w, https:\/\/strucnoobraz.edu.ba\/wp-content\/uploads\/2015\/06\/vahida-2-1024x768.jpg 1024w, https:\/\/strucnoobraz.edu.ba\/wp-content\/uploads\/2015\/06\/vahida-2.jpg 2048w\" sizes=\"auto, (max-width: 300px) 100vw, 300px\" \/><\/a><\/em><\/strong><\/p>\n","protected":false},"excerpt":{"rendered":"<p>Dana 31.05.2015.god.odrzano je takmi\u010denje pod nazivom \u201cVatrena kuhinja\u201d u Motelu Mujani\u0107. U\u010denici na\u0161e \u0161kole odsjek za Turizam i ugostiteljstvo, smjer: kuhar, u\u010denici Amer \u0160edo, Karahmet Muhamed i Had\u017eime\u0161i\u0107 Dejla \u00a0zajedno\u00a0 sa\u00a0 prof. Almom Bandi\u0107 i prof. Vahidom Dajd\u017ei\u0107 su zauzeli &hellip; <a href=\"https:\/\/strucnoobraz.edu.ba\/?p=590\">Continue reading <span class=\"meta-nav\">&rarr;<\/span><\/a><\/p>\n","protected":false},"author":1,"featured_media":589,"comment_status":"closed","ping_status":"open","sticky":false,"template":"","format":"standard","meta":{"footnotes":""},"categories":[4],"tags":[],"class_list":["post-590","post","type-post","status-publish","format-standard","has-post-thumbnail","hentry","category-novosti"],"_links":{"self":[{"href":"https:\/\/strucnoobraz.edu.ba\/index.php?rest_route=\/wp\/v2\/posts\/590","targetHints":{"allow":["GET"]}}],"collection":[{"href":"https:\/\/strucnoobraz.edu.ba\/index.php?rest_route=\/wp\/v2\/posts"}],"about":[{"href":"https:\/\/strucnoobraz.edu.ba\/index.php?rest_route=\/wp\/v2\/types\/post"}],"author":[{"embeddable":true,"href":"https:\/\/strucnoobraz.edu.ba\/index.php?rest_route=\/wp\/v2\/users\/1"}],"replies":[{"embeddable":true,"href":"https:\/\/strucnoobraz.edu.ba\/index.php?rest_route=%2Fwp%2Fv2%2Fcomments&post=590"}],"version-history":[{"count":2,"href":"https:\/\/strucnoobraz.edu.ba\/index.php?rest_route=\/wp\/v2\/posts\/590\/revisions"}],"predecessor-version":[{"id":592,"href":"https:\/\/strucnoobraz.edu.ba\/index.php?rest_route=\/wp\/v2\/posts\/590\/revisions\/592"}],"wp:featuredmedia":[{"embeddable":true,"href":"https:\/\/strucnoobraz.edu.ba\/index.php?rest_route=\/wp\/v2\/media\/589"}],"wp:attachment":[{"href":"https:\/\/strucnoobraz.edu.ba\/index.php?rest_route=%2Fwp%2Fv2%2Fmedia&parent=590"}],"wp:term":[{"taxonomy":"category","embeddable":true,"href":"https:\/\/strucnoobraz.edu.ba\/index.php?rest_route=%2Fwp%2Fv2%2Fcategories&post=590"},{"taxonomy":"post_tag","embeddable":true,"href":"https:\/\/strucnoobraz.edu.ba\/index.php?rest_route=%2Fwp%2Fv2%2Ftags&post=590"}],"curies":[{"name":"wp","href":"https:\/\/api.w.org\/{rel}","templated":true}]}}