{"id":550,"date":"2014-10-11T08:37:17","date_gmt":"2014-10-11T06:37:17","guid":{"rendered":"http:\/\/strucnoobraz.web.ba\/?p=550"},"modified":"2015-03-16T08:48:39","modified_gmt":"2015-03-16T07:48:39","slug":"gosti-iz-sibenika-i-zagreba-u-posjeti-nasoj-skoli","status":"publish","type":"post","link":"https:\/\/strucnoobraz.edu.ba\/?p=550","title":{"rendered":"Gosti iz \u0160ibenika i Zagreba u posjeti na\u0161oj \u0161koli"},"content":{"rendered":"<p>10.oktobra 2014.\u00a0na\u0161u \u0161kolu su posjetili uposlenici\u00a0Centra za odgoj i rehabilitaciju \u201c\u0160ubi\u0107evac\u201d iz \u0160ibenika i uposlenici Centra za odgoj i obrazovanje iz Zagreba. Gosti su imali priliku upoznati se sa odgojno-obrazovnim radom u na\u0161oj ustanovi i razmijeniti iskustva sa nama.<\/p>\n<p style=\"text-align: center;\"><a href=\"https:\/\/strucnoobraz.edu.ba\/wp-content\/uploads\/2015\/03\/gosti-sibenik.jpg\"><img loading=\"lazy\" decoding=\"async\" class=\"aligncenter size-medium wp-image-551\" src=\"https:\/\/strucnoobraz.edu.ba\/wp-content\/uploads\/2015\/03\/gosti-sibenik-300x226.jpg\" alt=\"gosti sibenik\" width=\"300\" height=\"226\" srcset=\"https:\/\/strucnoobraz.edu.ba\/wp-content\/uploads\/2015\/03\/gosti-sibenik-300x226.jpg 300w, https:\/\/strucnoobraz.edu.ba\/wp-content\/uploads\/2015\/03\/gosti-sibenik.jpg 350w\" sizes=\"auto, (max-width: 300px) 100vw, 300px\" \/><\/a>Gosti iz \u0160ibenika<\/p>\n<p style=\"text-align: center;\"><a href=\"https:\/\/strucnoobraz.edu.ba\/wp-content\/uploads\/2015\/03\/Gosti-zagreb.jpg\"><img loading=\"lazy\" decoding=\"async\" class=\"aligncenter size-medium wp-image-552\" src=\"https:\/\/strucnoobraz.edu.ba\/wp-content\/uploads\/2015\/03\/Gosti-zagreb-300x171.jpg\" alt=\"Gosti zagreb\" width=\"300\" height=\"171\" srcset=\"https:\/\/strucnoobraz.edu.ba\/wp-content\/uploads\/2015\/03\/Gosti-zagreb-300x171.jpg 300w, https:\/\/strucnoobraz.edu.ba\/wp-content\/uploads\/2015\/03\/Gosti-zagreb.jpg 336w\" sizes=\"auto, (max-width: 300px) 100vw, 300px\" \/><\/a>Gosti iz Zagreba<\/p>\n","protected":false},"excerpt":{"rendered":"<p>10.oktobra 2014.\u00a0na\u0161u \u0161kolu su posjetili uposlenici\u00a0Centra za odgoj i rehabilitaciju \u201c\u0160ubi\u0107evac\u201d iz \u0160ibenika i uposlenici Centra za odgoj i obrazovanje iz Zagreba. Gosti su imali priliku upoznati se sa odgojno-obrazovnim radom u na\u0161oj ustanovi i razmijeniti iskustva sa nama. Gosti &hellip; <a href=\"https:\/\/strucnoobraz.edu.ba\/?p=550\">Continue reading <span class=\"meta-nav\">&rarr;<\/span><\/a><\/p>\n","protected":false},"author":1,"featured_media":552,"comment_status":"closed","ping_status":"open","sticky":false,"template":"","format":"standard","meta":{"footnotes":""},"categories":[4],"tags":[],"class_list":["post-550","post","type-post","status-publish","format-standard","has-post-thumbnail","hentry","category-novosti"],"_links":{"self":[{"href":"https:\/\/strucnoobraz.edu.ba\/index.php?rest_route=\/wp\/v2\/posts\/550","targetHints":{"allow":["GET"]}}],"collection":[{"href":"https:\/\/strucnoobraz.edu.ba\/index.php?rest_route=\/wp\/v2\/posts"}],"about":[{"href":"https:\/\/strucnoobraz.edu.ba\/index.php?rest_route=\/wp\/v2\/types\/post"}],"author":[{"embeddable":true,"href":"https:\/\/strucnoobraz.edu.ba\/index.php?rest_route=\/wp\/v2\/users\/1"}],"replies":[{"embeddable":true,"href":"https:\/\/strucnoobraz.edu.ba\/index.php?rest_route=%2Fwp%2Fv2%2Fcomments&post=550"}],"version-history":[{"count":2,"href":"https:\/\/strucnoobraz.edu.ba\/index.php?rest_route=\/wp\/v2\/posts\/550\/revisions"}],"predecessor-version":[{"id":554,"href":"https:\/\/strucnoobraz.edu.ba\/index.php?rest_route=\/wp\/v2\/posts\/550\/revisions\/554"}],"wp:featuredmedia":[{"embeddable":true,"href":"https:\/\/strucnoobraz.edu.ba\/index.php?rest_route=\/wp\/v2\/media\/552"}],"wp:attachment":[{"href":"https:\/\/strucnoobraz.edu.ba\/index.php?rest_route=%2Fwp%2Fv2%2Fmedia&parent=550"}],"wp:term":[{"taxonomy":"category","embeddable":true,"href":"https:\/\/strucnoobraz.edu.ba\/index.php?rest_route=%2Fwp%2Fv2%2Fcategories&post=550"},{"taxonomy":"post_tag","embeddable":true,"href":"https:\/\/strucnoobraz.edu.ba\/index.php?rest_route=%2Fwp%2Fv2%2Ftags&post=550"}],"curies":[{"name":"wp","href":"https:\/\/api.w.org\/{rel}","templated":true}]}}