{"id":525,"date":"2014-10-03T21:39:45","date_gmt":"2014-10-03T19:39:45","guid":{"rendered":"http:\/\/strucnoobraz.web.ba\/?p=525"},"modified":"2014-10-14T21:46:44","modified_gmt":"2014-10-14T19:46:44","slug":"projekat-zid-medugeneracijske-solidarnosti","status":"publish","type":"post","link":"https:\/\/strucnoobraz.edu.ba\/?p=525","title":{"rendered":"PROJEKAT \u201e ZID ME\u0110UGENERACIJSKE SOLIDARNOSTI\u201c"},"content":{"rendered":"<p>U sklopu obilje\u017eavanja Me\u0111unarodnog dana starijih osoba 01.10.2014. godine sve\u010dano je otvoren i \u201eZid me\u0111ugeneracijske solidarnosti\u201c.<!--more--> Na zidu su u\u010desnici oslikavali svoje radove koji asociraju na zdrav stil \u017eivota. Ukupno je u\u010destvovalo pet \u0161kola kao i osobe tre\u0107e \u017eivotne dobi. Zid predstavlja me\u0111ugeneracijsku solidarnost kojoj se sve vi\u0161e pa\u017enje poklanja.<\/p>\n<p>Ovim projektom uspjele su se spojiti tri generacije od najmla\u0111ih do najstarijih i pokazati koliko je bitna solidarnost. Svoj doprinos u realizaciji ovog projekta dali su i u\u010denici na\u0161e \u0161kole, \u010dlanovi kreativne sekcije, likovne sekcije kao i u\u010denici I3 razreda kojima su dodijeljene zahvalnice za njihov trud i rad.<\/p>\n<p><a href=\"https:\/\/strucnoobraz.edu.ba\/wp-content\/uploads\/2014\/10\/zid-solidarnosti1.jpg\"><img loading=\"lazy\" decoding=\"async\" class=\"aligncenter size-medium wp-image-526\" src=\"https:\/\/strucnoobraz.edu.ba\/wp-content\/uploads\/2014\/10\/zid-solidarnosti1-300x225.jpg\" alt=\"zid solidarnosti1\" width=\"300\" height=\"225\" srcset=\"https:\/\/strucnoobraz.edu.ba\/wp-content\/uploads\/2014\/10\/zid-solidarnosti1-300x225.jpg 300w, https:\/\/strucnoobraz.edu.ba\/wp-content\/uploads\/2014\/10\/zid-solidarnosti1.jpg 600w\" sizes=\"auto, (max-width: 300px) 100vw, 300px\" \/><\/a> <a href=\"https:\/\/strucnoobraz.edu.ba\/wp-content\/uploads\/2014\/10\/zid-solidarnosti2.jpg\"><img loading=\"lazy\" decoding=\"async\" class=\"aligncenter size-medium wp-image-527\" src=\"https:\/\/strucnoobraz.edu.ba\/wp-content\/uploads\/2014\/10\/zid-solidarnosti2-300x225.jpg\" alt=\"zid solidarnosti2\" width=\"300\" height=\"225\" srcset=\"https:\/\/strucnoobraz.edu.ba\/wp-content\/uploads\/2014\/10\/zid-solidarnosti2-300x225.jpg 300w, https:\/\/strucnoobraz.edu.ba\/wp-content\/uploads\/2014\/10\/zid-solidarnosti2.jpg 600w\" sizes=\"auto, (max-width: 300px) 100vw, 300px\" \/><\/a><\/p>\n","protected":false},"excerpt":{"rendered":"<p>U sklopu obilje\u017eavanja Me\u0111unarodnog dana starijih osoba 01.10.2014. godine sve\u010dano je otvoren i \u201eZid me\u0111ugeneracijske solidarnosti\u201c.<\/p>\n","protected":false},"author":1,"featured_media":526,"comment_status":"closed","ping_status":"open","sticky":false,"template":"","format":"standard","meta":{"footnotes":""},"categories":[4],"tags":[],"class_list":["post-525","post","type-post","status-publish","format-standard","has-post-thumbnail","hentry","category-novosti"],"_links":{"self":[{"href":"https:\/\/strucnoobraz.edu.ba\/index.php?rest_route=\/wp\/v2\/posts\/525","targetHints":{"allow":["GET"]}}],"collection":[{"href":"https:\/\/strucnoobraz.edu.ba\/index.php?rest_route=\/wp\/v2\/posts"}],"about":[{"href":"https:\/\/strucnoobraz.edu.ba\/index.php?rest_route=\/wp\/v2\/types\/post"}],"author":[{"embeddable":true,"href":"https:\/\/strucnoobraz.edu.ba\/index.php?rest_route=\/wp\/v2\/users\/1"}],"replies":[{"embeddable":true,"href":"https:\/\/strucnoobraz.edu.ba\/index.php?rest_route=%2Fwp%2Fv2%2Fcomments&post=525"}],"version-history":[{"count":1,"href":"https:\/\/strucnoobraz.edu.ba\/index.php?rest_route=\/wp\/v2\/posts\/525\/revisions"}],"predecessor-version":[{"id":528,"href":"https:\/\/strucnoobraz.edu.ba\/index.php?rest_route=\/wp\/v2\/posts\/525\/revisions\/528"}],"wp:featuredmedia":[{"embeddable":true,"href":"https:\/\/strucnoobraz.edu.ba\/index.php?rest_route=\/wp\/v2\/media\/526"}],"wp:attachment":[{"href":"https:\/\/strucnoobraz.edu.ba\/index.php?rest_route=%2Fwp%2Fv2%2Fmedia&parent=525"}],"wp:term":[{"taxonomy":"category","embeddable":true,"href":"https:\/\/strucnoobraz.edu.ba\/index.php?rest_route=%2Fwp%2Fv2%2Fcategories&post=525"},{"taxonomy":"post_tag","embeddable":true,"href":"https:\/\/strucnoobraz.edu.ba\/index.php?rest_route=%2Fwp%2Fv2%2Ftags&post=525"}],"curies":[{"name":"wp","href":"https:\/\/api.w.org\/{rel}","templated":true}]}}