{"id":502,"date":"2014-05-21T11:59:12","date_gmt":"2014-05-21T09:59:12","guid":{"rendered":"http:\/\/strucnoobraz.web.ba\/?p=502"},"modified":"2014-05-21T11:59:40","modified_gmt":"2014-05-21T09:59:40","slug":"pomoc-ugrozenim-od-poplava-u-bih","status":"publish","type":"post","link":"https:\/\/strucnoobraz.edu.ba\/?p=502","title":{"rendered":"Pomo\u0107 ugro\u017eenim od poplava u BiH"},"content":{"rendered":"<p>U petak, dana 16.05. 2014 godine su uposlenici na\u0161e \u0161kole, kroz neformalne razgovore o poplavama i ugro\u017eenom stanovni\u0161tvu Bosne i Hercegovine, odlu\u010dili da reaguju<!--more--> i samostalno pomognu onoliko koliko je to mogu\u0107e\u00a0 te dobrovoljnim prilozima, makar i skromno,\u00a0 djeluju povodom ove nezapam\u0107ene katastrofe koja je pogodila na\u0161u dr\u017eavu. U toj akciji je prikupljeno oko 100-njak konvertibilnih maraka, te se grupa profesora uputila u prostorije udru\u017eenja Pomozi.ba koje se nalazi u blizini na\u0161e \u0161kole i tu se informisala o potrebnim namirnicama. Nakon \u0161to su se te namirnice (ve\u0107inom konzervirana hrana i dugotrajni proizvodi) kupile , izvr\u0161ena je i dostava istih u prostorije udru\u017eenja Pomozi.ba gdje su volonteri i uposlenici, preuzeli na sebe organizaciju oko dostavljanja do najugro\u017eenijih podru\u010dja.<\/p>\n<p><a href=\"https:\/\/strucnoobraz.edu.ba\/wp-content\/uploads\/2014\/05\/poplave-u-bih.jpg\"><img loading=\"lazy\" decoding=\"async\" class=\"aligncenter size-medium wp-image-503\" src=\"https:\/\/strucnoobraz.edu.ba\/wp-content\/uploads\/2014\/05\/poplave-u-bih-300x300.jpg\" alt=\"poplave u bih\" width=\"300\" height=\"300\" srcset=\"https:\/\/strucnoobraz.edu.ba\/wp-content\/uploads\/2014\/05\/poplave-u-bih-300x300.jpg 300w, https:\/\/strucnoobraz.edu.ba\/wp-content\/uploads\/2014\/05\/poplave-u-bih-150x150.jpg 150w, https:\/\/strucnoobraz.edu.ba\/wp-content\/uploads\/2014\/05\/poplave-u-bih-60x60.jpg 60w, https:\/\/strucnoobraz.edu.ba\/wp-content\/uploads\/2014\/05\/poplave-u-bih.jpg 960w\" sizes=\"auto, (max-width: 300px) 100vw, 300px\" \/><\/a><\/p>\n","protected":false},"excerpt":{"rendered":"<p>U petak, dana 16.05. 2014 godine su uposlenici na\u0161e \u0161kole, kroz neformalne razgovore o poplavama i ugro\u017eenom stanovni\u0161tvu Bosne i Hercegovine, odlu\u010dili da reaguju<\/p>\n","protected":false},"author":1,"featured_media":503,"comment_status":"closed","ping_status":"open","sticky":false,"template":"","format":"standard","meta":{"footnotes":""},"categories":[4],"tags":[],"class_list":["post-502","post","type-post","status-publish","format-standard","has-post-thumbnail","hentry","category-novosti"],"_links":{"self":[{"href":"https:\/\/strucnoobraz.edu.ba\/index.php?rest_route=\/wp\/v2\/posts\/502","targetHints":{"allow":["GET"]}}],"collection":[{"href":"https:\/\/strucnoobraz.edu.ba\/index.php?rest_route=\/wp\/v2\/posts"}],"about":[{"href":"https:\/\/strucnoobraz.edu.ba\/index.php?rest_route=\/wp\/v2\/types\/post"}],"author":[{"embeddable":true,"href":"https:\/\/strucnoobraz.edu.ba\/index.php?rest_route=\/wp\/v2\/users\/1"}],"replies":[{"embeddable":true,"href":"https:\/\/strucnoobraz.edu.ba\/index.php?rest_route=%2Fwp%2Fv2%2Fcomments&post=502"}],"version-history":[{"count":1,"href":"https:\/\/strucnoobraz.edu.ba\/index.php?rest_route=\/wp\/v2\/posts\/502\/revisions"}],"predecessor-version":[{"id":504,"href":"https:\/\/strucnoobraz.edu.ba\/index.php?rest_route=\/wp\/v2\/posts\/502\/revisions\/504"}],"wp:featuredmedia":[{"embeddable":true,"href":"https:\/\/strucnoobraz.edu.ba\/index.php?rest_route=\/wp\/v2\/media\/503"}],"wp:attachment":[{"href":"https:\/\/strucnoobraz.edu.ba\/index.php?rest_route=%2Fwp%2Fv2%2Fmedia&parent=502"}],"wp:term":[{"taxonomy":"category","embeddable":true,"href":"https:\/\/strucnoobraz.edu.ba\/index.php?rest_route=%2Fwp%2Fv2%2Fcategories&post=502"},{"taxonomy":"post_tag","embeddable":true,"href":"https:\/\/strucnoobraz.edu.ba\/index.php?rest_route=%2Fwp%2Fv2%2Ftags&post=502"}],"curies":[{"name":"wp","href":"https:\/\/api.w.org\/{rel}","templated":true}]}}