{"id":484,"date":"2014-05-09T13:34:03","date_gmt":"2014-05-09T11:34:03","guid":{"rendered":"http:\/\/strucnoobraz.web.ba\/?p=484"},"modified":"2014-05-09T13:34:03","modified_gmt":"2014-05-09T11:34:03","slug":"dan-skole-2","status":"publish","type":"post","link":"https:\/\/strucnoobraz.edu.ba\/?p=484","title":{"rendered":"Dan \u0161kole"},"content":{"rendered":"<p align=\"center\">50.GODI\u0160NJICA \u0160KOLE ZA SREDNJE STRU\u010cNO OBRAZOVANJE I RADNO OSPOSOBLJAVANJE<\/p>\n<p align=\"center\">\n<p>\u00a0\u00a0\u00a0\u00a0\u00a0\u00a0 \u00a08.aprila je sve\u010dano obilje\u017een Dan \u0160kole za srednje stru\u010dno obrazovanje i radno osposobljavanje. \u00a0Ove godine \u0161kola obilje\u017eava 50 godina postojanja.<!--more--><\/p>\n<p>1964. godine svoju odgojno-obrazovnu misiju je zapo\u010dela u okviru \u0160kole u\u010denika u privredi \u201eBranko Lazi\u0107\u201c, a 1981 \u0161kola je uselila u novu zgradu u ulici A.\u0160a\u0107irbegovi\u0107 80.<\/p>\n<p>U programu su, pored u\u010denika na\u0161e \u0161kole, u\u010destvovali i u\u010denici Srednjo\u0161kolskog centra Had\u017ei\u0107i, Srednje muzi\u010dke \u0161kole i \u017deljezni\u010dkog \u0161kolskog centra sa muzi\u010dkim numerama.<\/p>\n<p>Priredbi je, pored brojnih gostiju, prisustvovao i na\u010delnik Op\u0107ine Novo Sarajevo Ned\u017ead Kold\u017eo, kao i direktori srednjih \u0161kola, predstavnici nevladinih organizacija, prijatelji \u0161kole, u\u010denici i roditelji.<\/p>\n<p>Ovom prilikom direktor \u0161kole, Edin Pita\u00a0 zahvalio se saradnicima, donatorima i prijateljima \u0161kole koji su na bilo koji na\u010din pomogli \u0161koli u njenim nastojanjima da u\u010denicima pru\u017ee \u0161to kvalitetnije obrazovanje.<\/p>\n<p style=\"text-align: left;\"><a href=\"https:\/\/strucnoobraz.edu.ba\/wp-content\/uploads\/2014\/05\/slika1.jpg\"><img loading=\"lazy\" decoding=\"async\" class=\"size-medium wp-image-485\" alt=\"slika1\" src=\"https:\/\/strucnoobraz.edu.ba\/wp-content\/uploads\/2014\/05\/slika1-300x225.jpg\" width=\"300\" height=\"225\" srcset=\"https:\/\/strucnoobraz.edu.ba\/wp-content\/uploads\/2014\/05\/slika1-300x225.jpg 300w, https:\/\/strucnoobraz.edu.ba\/wp-content\/uploads\/2014\/05\/slika1.jpg 600w\" sizes=\"auto, (max-width: 300px) 100vw, 300px\" \/><\/a>\u00a0 \u00a0<a href=\"https:\/\/strucnoobraz.edu.ba\/wp-content\/uploads\/2014\/05\/slika2.jpg\"><img loading=\"lazy\" decoding=\"async\" class=\"size-medium wp-image-486 alignnone\" alt=\"slika2\" src=\"https:\/\/strucnoobraz.edu.ba\/wp-content\/uploads\/2014\/05\/slika2-300x225.jpg\" width=\"300\" height=\"225\" srcset=\"https:\/\/strucnoobraz.edu.ba\/wp-content\/uploads\/2014\/05\/slika2-300x225.jpg 300w, https:\/\/strucnoobraz.edu.ba\/wp-content\/uploads\/2014\/05\/slika2.jpg 600w\" sizes=\"auto, (max-width: 300px) 100vw, 300px\" \/><\/a> <a href=\"https:\/\/strucnoobraz.edu.ba\/wp-content\/uploads\/2014\/05\/slika3.jpg\"><img loading=\"lazy\" decoding=\"async\" class=\"size-medium wp-image-487 alignnone\" alt=\"slika3\" src=\"https:\/\/strucnoobraz.edu.ba\/wp-content\/uploads\/2014\/05\/slika3-300x225.jpg\" width=\"300\" height=\"225\" srcset=\"https:\/\/strucnoobraz.edu.ba\/wp-content\/uploads\/2014\/05\/slika3-300x225.jpg 300w, https:\/\/strucnoobraz.edu.ba\/wp-content\/uploads\/2014\/05\/slika3.jpg 600w\" sizes=\"auto, (max-width: 300px) 100vw, 300px\" \/><\/a><\/p>\n","protected":false},"excerpt":{"rendered":"<p>50.GODI\u0160NJICA \u0160KOLE ZA SREDNJE STRU\u010cNO OBRAZOVANJE I RADNO OSPOSOBLJAVANJE \u00a0\u00a0\u00a0\u00a0\u00a0\u00a0 \u00a08.aprila je sve\u010dano obilje\u017een Dan \u0160kole za srednje stru\u010dno obrazovanje i radno osposobljavanje. \u00a0Ove godine \u0161kola obilje\u017eava 50 godina postojanja.<\/p>\n","protected":false},"author":1,"featured_media":486,"comment_status":"closed","ping_status":"open","sticky":false,"template":"","format":"standard","meta":{"footnotes":""},"categories":[4],"tags":[],"class_list":["post-484","post","type-post","status-publish","format-standard","has-post-thumbnail","hentry","category-novosti"],"_links":{"self":[{"href":"https:\/\/strucnoobraz.edu.ba\/index.php?rest_route=\/wp\/v2\/posts\/484","targetHints":{"allow":["GET"]}}],"collection":[{"href":"https:\/\/strucnoobraz.edu.ba\/index.php?rest_route=\/wp\/v2\/posts"}],"about":[{"href":"https:\/\/strucnoobraz.edu.ba\/index.php?rest_route=\/wp\/v2\/types\/post"}],"author":[{"embeddable":true,"href":"https:\/\/strucnoobraz.edu.ba\/index.php?rest_route=\/wp\/v2\/users\/1"}],"replies":[{"embeddable":true,"href":"https:\/\/strucnoobraz.edu.ba\/index.php?rest_route=%2Fwp%2Fv2%2Fcomments&post=484"}],"version-history":[{"count":3,"href":"https:\/\/strucnoobraz.edu.ba\/index.php?rest_route=\/wp\/v2\/posts\/484\/revisions"}],"predecessor-version":[{"id":490,"href":"https:\/\/strucnoobraz.edu.ba\/index.php?rest_route=\/wp\/v2\/posts\/484\/revisions\/490"}],"wp:featuredmedia":[{"embeddable":true,"href":"https:\/\/strucnoobraz.edu.ba\/index.php?rest_route=\/wp\/v2\/media\/486"}],"wp:attachment":[{"href":"https:\/\/strucnoobraz.edu.ba\/index.php?rest_route=%2Fwp%2Fv2%2Fmedia&parent=484"}],"wp:term":[{"taxonomy":"category","embeddable":true,"href":"https:\/\/strucnoobraz.edu.ba\/index.php?rest_route=%2Fwp%2Fv2%2Fcategories&post=484"},{"taxonomy":"post_tag","embeddable":true,"href":"https:\/\/strucnoobraz.edu.ba\/index.php?rest_route=%2Fwp%2Fv2%2Ftags&post=484"}],"curies":[{"name":"wp","href":"https:\/\/api.w.org\/{rel}","templated":true}]}}