{"id":409,"date":"2014-01-30T13:39:59","date_gmt":"2014-01-30T12:39:59","guid":{"rendered":"http:\/\/strucnoobraz.web.ba\/?p=409"},"modified":"2014-03-16T19:52:00","modified_gmt":"2014-03-16T18:52:00","slug":"vlasic-2014","status":"publish","type":"post","link":"https:\/\/strucnoobraz.edu.ba\/?p=409","title":{"rendered":"Vla\u0161i\u0107 2014"},"content":{"rendered":"<p align=\"center\"><b>ZIMSKI KAMP \u201eVLA\u0160I\u0106 2014\u201c \u2013 Vla\u0161i\u0107, 15.-19.1.2014.<\/b><\/p>\n<p style=\"text-align: left;\" align=\"center\"><span style=\"line-height: 1.5em;\">\u00a0 \u00a0 Od 15.-19. januara, na planini Vla\u0161i\u0107 je odr\u017ean zimski kamp pod nazivom \u201eVla\u0161i\u0107 2014\u201c. Organizator kampa bio je KSS Banja Luka iz Banja Luke. Na ovom kampu u\u010de\u0161\u0107e je uzelo 5 \u010dlanova KSS Banja Luka te 3 u\u010denika na\u0161e \u0161kole. Iz na\u0161e \u0161kole kampu su prisustvovali: Arnela Kujovi\u0107, Irma Juhi\u0107 i Amar Juhi\u0107, te profesori Aid Ahmetovi\u0107 i Aldin Feri\u0107. Ciljevi kampa su bili upoznavanje sa svim aktivnostima na planini, dru\u017eenje i socijalizacija.<!--more--><\/span><\/p>\n<p style=\"text-align: left;\" align=\"center\">Prvog dana, polaznici kampa su i\u0161li u obilazak Babanovca, zatim su posjetili zabavno-rekreacioni centar \u201eFIS-Vla\u0161i\u0107\u201c i upoznali se sa sadr\u017eajima koje pru\u017ea ovaj centar. U ve\u010dernjim satima, polaznici su se upoznali sa skija\u0161kom opremom i na\u010dinom kori\u0161tenja.<\/p>\n<p style=\"text-align: left;\"><a href=\"https:\/\/strucnoobraz.edu.ba\/wp-content\/uploads\/2014\/01\/Vlasic1.jpg\"><img loading=\"lazy\" decoding=\"async\" class=\"size-medium wp-image-410\" alt=\"Vlasic1\" src=\"https:\/\/strucnoobraz.edu.ba\/wp-content\/uploads\/2014\/01\/Vlasic1-300x225.jpg\" width=\"300\" height=\"225\" srcset=\"https:\/\/strucnoobraz.edu.ba\/wp-content\/uploads\/2014\/01\/Vlasic1-300x225.jpg 300w, https:\/\/strucnoobraz.edu.ba\/wp-content\/uploads\/2014\/01\/Vlasic1.jpg 600w\" sizes=\"auto, (max-width: 300px) 100vw, 300px\" \/><\/a>\u00a0 <a href=\"https:\/\/strucnoobraz.edu.ba\/wp-content\/uploads\/2014\/01\/Vlasic2.jpg\"><img loading=\"lazy\" decoding=\"async\" class=\"size-medium wp-image-411\" alt=\"Vlasic2\" src=\"https:\/\/strucnoobraz.edu.ba\/wp-content\/uploads\/2014\/01\/Vlasic2-300x225.jpg\" width=\"300\" height=\"225\" srcset=\"https:\/\/strucnoobraz.edu.ba\/wp-content\/uploads\/2014\/01\/Vlasic2-300x225.jpg 300w, https:\/\/strucnoobraz.edu.ba\/wp-content\/uploads\/2014\/01\/Vlasic2.jpg 600w\" sizes=\"auto, (max-width: 300px) 100vw, 300px\" \/><\/a><\/p>\n<p style=\"text-align: left;\">Drugog dana kampa, polaznici su u\u010dili osnovne elemente skijanja i pravili svoje prve skija\u0161ke korake.<\/p>\n<p style=\"text-align: left;\"><a href=\"https:\/\/strucnoobraz.edu.ba\/wp-content\/uploads\/2014\/01\/Vlasic3.jpg\"><img loading=\"lazy\" decoding=\"async\" class=\"size-medium wp-image-412\" alt=\"Vlasic3\" src=\"https:\/\/strucnoobraz.edu.ba\/wp-content\/uploads\/2014\/01\/Vlasic3-300x225.jpg\" width=\"300\" height=\"225\" srcset=\"https:\/\/strucnoobraz.edu.ba\/wp-content\/uploads\/2014\/01\/Vlasic3-300x225.jpg 300w, https:\/\/strucnoobraz.edu.ba\/wp-content\/uploads\/2014\/01\/Vlasic3.jpg 600w\" sizes=\"auto, (max-width: 300px) 100vw, 300px\" \/><\/a>\u00a0 <a href=\"https:\/\/strucnoobraz.edu.ba\/wp-content\/uploads\/2014\/01\/Vlasic4.jpg\"><img loading=\"lazy\" decoding=\"async\" class=\"size-medium wp-image-413\" alt=\"Vlasic4\" src=\"https:\/\/strucnoobraz.edu.ba\/wp-content\/uploads\/2014\/01\/Vlasic4-300x225.jpg\" width=\"300\" height=\"225\" srcset=\"https:\/\/strucnoobraz.edu.ba\/wp-content\/uploads\/2014\/01\/Vlasic4-300x225.jpg 300w, https:\/\/strucnoobraz.edu.ba\/wp-content\/uploads\/2014\/01\/Vlasic4.jpg 600w\" sizes=\"auto, (max-width: 300px) 100vw, 300px\" \/><\/a><\/p>\n<p style=\"text-align: left;\">Tre\u0107eg dana, polaznici su i\u0161li na planinarenje od Babanovca do Paljenika. Polaznici su upoznati sa pravilima koja se moraju po\u0161tovati na planini, zatim kako prona\u0107i hranu, vodu, skloni\u0161te od nevremena i kako zapaliti vatru. Na ovoj turi polaznici su pre\u0161li oko 14 km, a tura je trajala preko 6 sati. Najve\u0107a ta\u010dka na koju su se uspinjali bila je oko 1700 metara nadmorske visine.<\/p>\n","protected":false},"excerpt":{"rendered":"<p>ZIMSKI KAMP \u201eVLA\u0160I\u0106 2014\u201c \u2013 Vla\u0161i\u0107, 15.-19.1.2014. \u00a0 \u00a0 Od 15.-19. januara, na planini Vla\u0161i\u0107 je odr\u017ean zimski kamp pod nazivom \u201eVla\u0161i\u0107 2014\u201c. Organizator kampa bio je KSS Banja Luka iz Banja Luke. Na ovom kampu u\u010de\u0161\u0107e je uzelo 5 &hellip; <a href=\"https:\/\/strucnoobraz.edu.ba\/?p=409\">Continue reading <span class=\"meta-nav\">&rarr;<\/span><\/a><\/p>\n","protected":false},"author":1,"featured_media":412,"comment_status":"closed","ping_status":"open","sticky":false,"template":"","format":"standard","meta":{"footnotes":""},"categories":[4],"tags":[],"class_list":["post-409","post","type-post","status-publish","format-standard","has-post-thumbnail","hentry","category-novosti"],"_links":{"self":[{"href":"https:\/\/strucnoobraz.edu.ba\/index.php?rest_route=\/wp\/v2\/posts\/409","targetHints":{"allow":["GET"]}}],"collection":[{"href":"https:\/\/strucnoobraz.edu.ba\/index.php?rest_route=\/wp\/v2\/posts"}],"about":[{"href":"https:\/\/strucnoobraz.edu.ba\/index.php?rest_route=\/wp\/v2\/types\/post"}],"author":[{"embeddable":true,"href":"https:\/\/strucnoobraz.edu.ba\/index.php?rest_route=\/wp\/v2\/users\/1"}],"replies":[{"embeddable":true,"href":"https:\/\/strucnoobraz.edu.ba\/index.php?rest_route=%2Fwp%2Fv2%2Fcomments&post=409"}],"version-history":[{"count":4,"href":"https:\/\/strucnoobraz.edu.ba\/index.php?rest_route=\/wp\/v2\/posts\/409\/revisions"}],"predecessor-version":[{"id":432,"href":"https:\/\/strucnoobraz.edu.ba\/index.php?rest_route=\/wp\/v2\/posts\/409\/revisions\/432"}],"wp:featuredmedia":[{"embeddable":true,"href":"https:\/\/strucnoobraz.edu.ba\/index.php?rest_route=\/wp\/v2\/media\/412"}],"wp:attachment":[{"href":"https:\/\/strucnoobraz.edu.ba\/index.php?rest_route=%2Fwp%2Fv2%2Fmedia&parent=409"}],"wp:term":[{"taxonomy":"category","embeddable":true,"href":"https:\/\/strucnoobraz.edu.ba\/index.php?rest_route=%2Fwp%2Fv2%2Fcategories&post=409"},{"taxonomy":"post_tag","embeddable":true,"href":"https:\/\/strucnoobraz.edu.ba\/index.php?rest_route=%2Fwp%2Fv2%2Ftags&post=409"}],"curies":[{"name":"wp","href":"https:\/\/api.w.org\/{rel}","templated":true}]}}