{"id":393,"date":"2013-12-18T12:26:11","date_gmt":"2013-12-18T11:26:11","guid":{"rendered":"http:\/\/strucnoobraz.web.ba\/?p=393"},"modified":"2014-03-16T19:53:00","modified_gmt":"2014-03-16T18:53:00","slug":"medunarodna-konferencija-u-capljini","status":"publish","type":"post","link":"https:\/\/strucnoobraz.edu.ba\/?p=393","title":{"rendered":"Me\u0111unarodna konferencija u \u010capljini"},"content":{"rendered":"<p>&nbsp;<\/p>\n<p>Povodom 3.decembra Me\u0111unarodnog dana osoba s invaliditetom u \u010capljini je 28.11. \u2013 29.11. 2013. organizovana Me\u0111unarodna konferencija \u201eRazvoj sistema profesionalne rehabilitacije i zapo\u0161ljavanja osoba s invaliditetom u FBiH\u201c.<!--more--><\/p>\n<p><a href=\"https:\/\/strucnoobraz.edu.ba\/wp-content\/uploads\/2013\/12\/IMG_1377-600-x-450.jpg\"><img loading=\"lazy\" decoding=\"async\" class=\"aligncenter size-medium wp-image-394\" alt=\"IMG_1377 (600 x 450)\" src=\"https:\/\/strucnoobraz.edu.ba\/wp-content\/uploads\/2013\/12\/IMG_1377-600-x-450-300x225.jpg\" width=\"300\" height=\"225\" srcset=\"https:\/\/strucnoobraz.edu.ba\/wp-content\/uploads\/2013\/12\/IMG_1377-600-x-450-300x225.jpg 300w, https:\/\/strucnoobraz.edu.ba\/wp-content\/uploads\/2013\/12\/IMG_1377-600-x-450.jpg 600w\" sizes=\"auto, (max-width: 300px) 100vw, 300px\" \/><\/a><\/p>\n<p>Konferenciji je prisustvovao i ministar Federalnog ministarstva rada i socijalne politike Vjekoslav \u010camber sa saradnicima kao i predstavnici organizacija koje se bave profesionalnom rehabilitcijom i zapo\u0161ljavanjem osoba s invaliditetom. \u0160kolu je predstavljao direktor Edin Pita. Glavni krivac za dobru organizaciju bio je Fond za profesionalnu rehabilitaciju i zapo\u0161ljavanje osoba s invaliditetom FBiH.<\/p>\n","protected":false},"excerpt":{"rendered":"<p>&nbsp; Povodom 3.decembra Me\u0111unarodnog dana osoba s invaliditetom u \u010capljini je 28.11. \u2013 29.11. 2013. organizovana Me\u0111unarodna konferencija \u201eRazvoj sistema profesionalne rehabilitacije i zapo\u0161ljavanja osoba s invaliditetom u FBiH\u201c.<\/p>\n","protected":false},"author":1,"featured_media":394,"comment_status":"closed","ping_status":"open","sticky":false,"template":"","format":"standard","meta":{"footnotes":""},"categories":[4],"tags":[],"class_list":["post-393","post","type-post","status-publish","format-standard","has-post-thumbnail","hentry","category-novosti"],"_links":{"self":[{"href":"https:\/\/strucnoobraz.edu.ba\/index.php?rest_route=\/wp\/v2\/posts\/393","targetHints":{"allow":["GET"]}}],"collection":[{"href":"https:\/\/strucnoobraz.edu.ba\/index.php?rest_route=\/wp\/v2\/posts"}],"about":[{"href":"https:\/\/strucnoobraz.edu.ba\/index.php?rest_route=\/wp\/v2\/types\/post"}],"author":[{"embeddable":true,"href":"https:\/\/strucnoobraz.edu.ba\/index.php?rest_route=\/wp\/v2\/users\/1"}],"replies":[{"embeddable":true,"href":"https:\/\/strucnoobraz.edu.ba\/index.php?rest_route=%2Fwp%2Fv2%2Fcomments&post=393"}],"version-history":[{"count":3,"href":"https:\/\/strucnoobraz.edu.ba\/index.php?rest_route=\/wp\/v2\/posts\/393\/revisions"}],"predecessor-version":[{"id":434,"href":"https:\/\/strucnoobraz.edu.ba\/index.php?rest_route=\/wp\/v2\/posts\/393\/revisions\/434"}],"wp:featuredmedia":[{"embeddable":true,"href":"https:\/\/strucnoobraz.edu.ba\/index.php?rest_route=\/wp\/v2\/media\/394"}],"wp:attachment":[{"href":"https:\/\/strucnoobraz.edu.ba\/index.php?rest_route=%2Fwp%2Fv2%2Fmedia&parent=393"}],"wp:term":[{"taxonomy":"category","embeddable":true,"href":"https:\/\/strucnoobraz.edu.ba\/index.php?rest_route=%2Fwp%2Fv2%2Fcategories&post=393"},{"taxonomy":"post_tag","embeddable":true,"href":"https:\/\/strucnoobraz.edu.ba\/index.php?rest_route=%2Fwp%2Fv2%2Ftags&post=393"}],"curies":[{"name":"wp","href":"https:\/\/api.w.org\/{rel}","templated":true}]}}