{"id":386,"date":"2013-12-10T11:12:35","date_gmt":"2013-12-10T10:12:35","guid":{"rendered":"http:\/\/strucnoobraz.web.ba\/?p=386"},"modified":"2014-03-16T19:55:15","modified_gmt":"2014-03-16T18:55:15","slug":"posjeta-beograd","status":"publish","type":"post","link":"https:\/\/strucnoobraz.edu.ba\/?p=386","title":{"rendered":"POSJETA \u2013 BEOGRAD"},"content":{"rendered":"<p><a href=\"https:\/\/strucnoobraz.edu.ba\/wp-content\/uploads\/2013\/12\/1454813_564169030326086_705197147_n.jpg\"><img loading=\"lazy\" decoding=\"async\" class=\"aligncenter size-medium wp-image-387\" alt=\"1454813_564169030326086_705197147_n\" src=\"https:\/\/strucnoobraz.edu.ba\/wp-content\/uploads\/2013\/12\/1454813_564169030326086_705197147_n-300x168.jpg\" width=\"300\" height=\"168\" \/><\/a> <a href=\"https:\/\/strucnoobraz.edu.ba\/wp-content\/uploads\/2013\/12\/1459683_564169166992739_1641814545_n.jpg\"><img loading=\"lazy\" decoding=\"async\" class=\"aligncenter size-medium wp-image-388\" alt=\"1459683_564169166992739_1641814545_n\" src=\"https:\/\/strucnoobraz.edu.ba\/wp-content\/uploads\/2013\/12\/1459683_564169166992739_1641814545_n-300x225.jpg\" width=\"300\" height=\"225\" srcset=\"https:\/\/strucnoobraz.edu.ba\/wp-content\/uploads\/2013\/12\/1459683_564169166992739_1641814545_n-300x225.jpg 300w, https:\/\/strucnoobraz.edu.ba\/wp-content\/uploads\/2013\/12\/1459683_564169166992739_1641814545_n.jpg 800w\" sizes=\"auto, (max-width: 300px) 100vw, 300px\" \/><\/a>Dana 24. i 25. novembra, u organizaciji Udru\u017eenja defektologa KS \u201eSTOL\u201c, posjetili smo dvije specijalne \u0161kole i Fakultet za specijalnu edukaciju i rehabilitaciju u Beogradu.<!--more--><\/p>\n<p>Iz na\u0161e \u0161kole u posjetu su i\u0161le profesorice- defektolozi: Inga Bi\u0161\u010devi\u0107, Elvira Dautba\u0161i\u0107 i Amra Beganovi\u0107.<\/p>\n<p>&nbsp;<\/p>\n<p>Na\u0161e prvo odredi\u0161te bila je \u0160kola za u\u010denike o\u0161te\u0107enog vida \u201cVeljko Ramadanovi\u0107\u201d u Zemunu, gdje su nas doma\u0107ini veoma ljubazno do\u010dekali i tu smo preno\u0107ili u njihovom internatu.<\/p>\n<p>\u0160kola ima djelatnost pred\u0161kolskog, osnovnog i srednjeg obrazovanja i vaspitanja u\u010denika o\u0161te\u0107enog vida sa sljede\u0107im obrazovnim profilima: paker, telefonista teleprinterista, birotehni\u010dar. U objektu \u0161kole se izvodi i osnovno muzi\u010dko vaspitanje i obrazovanje slijepih i slabovidih u\u010denika, u organizaciji Muzi\u010dke \u0161kole Kosta Manojlovi\u0107 iz Zemuna. Cjelokupna delatnost \u0161kole se izvodi u namjenski izgra\u0111enom i starim rekonstruisanim objektima, prilago\u0111enim potrebama djelatnosti u kabinetskim uslovima. \u0160kolsko dvori\u0161te, slobodne povr\u0161ine, sportski tereni i saobra\u0107ajnice su ure\u0111ene u skladu sa potrebama slijepih i slabovidih u\u010denika.<\/p>\n<p>&nbsp;<\/p>\n<p>Sljede\u0107eg dana posjetili smo \u0160kolu za slu\u0161no o\u0161te\u0107enu djecu \u201cStefan De\u010danski\u201d, koja se nalazi na Vra\u010daru. \u0160kola rehabilituje, obrazuje i vaspitno djeluje na djecu sa o\u0161te\u0107enim sluhom, te ih osposobljava i priprema za \u017eivot i rad kao svestrane, samostalne i kreativne li\u010dnosti koje ravnopravno u\u010destvuju u svim oblicima dru\u0161tvenog \u017eivota. \u0160kola je prva vaspitno-obrazovna ustanova u Beogradu koja je posvetila izuzetnu pa\u017enju problemu djece sa kohlearnim implantom.<\/p>\n<p>Rana habilitacija i rehabilitacija djece po\u010dinje od pred\u0161kolskog odjeljenja do obrazovanja i vaspitanja u osnovnoj i srednjoj \u0161koli. Nastava je organizovana kao razredno predmetna (V-VIII) i predmetna (srednja \u0161kola). U\u010denici su kontiniurano obuhva\u0107eni logopedskim, audiolo\u0161kim i slu\u0161nim i govornim vje\u017ebama.<b><\/b><\/p>\n<p>\u0160kola je nastavna baza Fakulteta za specijalnu edukaciju i rehabilitaciju i u njoj se realizuje prakti\u010dni dio nastave studenata.<\/p>\n<p>Na Fakultetu za specijalnu edukaciju i rehabilitaciju susreli smo se sa dekanesom\u00a0 <strong>Prof. dr Jasminom Kova\u010devi\u0107, prodekanom za nauku,<\/strong> <strong>Dr Vesnom Vu\u010dini\u0107 i <\/strong>Prof. dr Nade\u017edom Dimi\u0107, profesoricom na Odsjeku za specijalnu edukaciju i rehabilitaciju gluhih i nagluhih osoba, koje su nas upoznale sa organizacijom i radom fakulteta, nau\u010dno- istra\u017eiva\u010dkim radom i izrazile spremnost za saradnju sa na\u0161im udru\u017eenjem.<\/p>\n","protected":false},"excerpt":{"rendered":"<p>Dana 24. i 25. novembra, u organizaciji Udru\u017eenja defektologa KS \u201eSTOL\u201c, posjetili smo dvije specijalne \u0161kole i Fakultet za specijalnu edukaciju i rehabilitaciju u Beogradu.<\/p>\n","protected":false},"author":1,"featured_media":387,"comment_status":"closed","ping_status":"open","sticky":false,"template":"","format":"standard","meta":{"footnotes":""},"categories":[4],"tags":[],"class_list":["post-386","post","type-post","status-publish","format-standard","has-post-thumbnail","hentry","category-novosti"],"_links":{"self":[{"href":"https:\/\/strucnoobraz.edu.ba\/index.php?rest_route=\/wp\/v2\/posts\/386","targetHints":{"allow":["GET"]}}],"collection":[{"href":"https:\/\/strucnoobraz.edu.ba\/index.php?rest_route=\/wp\/v2\/posts"}],"about":[{"href":"https:\/\/strucnoobraz.edu.ba\/index.php?rest_route=\/wp\/v2\/types\/post"}],"author":[{"embeddable":true,"href":"https:\/\/strucnoobraz.edu.ba\/index.php?rest_route=\/wp\/v2\/users\/1"}],"replies":[{"embeddable":true,"href":"https:\/\/strucnoobraz.edu.ba\/index.php?rest_route=%2Fwp%2Fv2%2Fcomments&post=386"}],"version-history":[{"count":3,"href":"https:\/\/strucnoobraz.edu.ba\/index.php?rest_route=\/wp\/v2\/posts\/386\/revisions"}],"predecessor-version":[{"id":436,"href":"https:\/\/strucnoobraz.edu.ba\/index.php?rest_route=\/wp\/v2\/posts\/386\/revisions\/436"}],"wp:featuredmedia":[{"embeddable":true,"href":"https:\/\/strucnoobraz.edu.ba\/index.php?rest_route=\/wp\/v2\/media\/387"}],"wp:attachment":[{"href":"https:\/\/strucnoobraz.edu.ba\/index.php?rest_route=%2Fwp%2Fv2%2Fmedia&parent=386"}],"wp:term":[{"taxonomy":"category","embeddable":true,"href":"https:\/\/strucnoobraz.edu.ba\/index.php?rest_route=%2Fwp%2Fv2%2Fcategories&post=386"},{"taxonomy":"post_tag","embeddable":true,"href":"https:\/\/strucnoobraz.edu.ba\/index.php?rest_route=%2Fwp%2Fv2%2Ftags&post=386"}],"curies":[{"name":"wp","href":"https:\/\/api.w.org\/{rel}","templated":true}]}}