{"id":2047,"date":"2020-04-06T08:06:00","date_gmt":"2020-04-06T06:06:00","guid":{"rendered":"http:\/\/strucnoobraz.edu.ba\/?p=2047"},"modified":"2020-04-07T13:14:00","modified_gmt":"2020-04-07T11:14:00","slug":"6-april-dan-grada-sarajeva","status":"publish","type":"post","link":"https:\/\/strucnoobraz.edu.ba\/?p=2047","title":{"rendered":"6. april Dan grada Sarajeva"},"content":{"rendered":"\n<figure class=\"wp-block-image size-large\"><img loading=\"lazy\" decoding=\"async\" width=\"1024\" height=\"597\" src=\"https:\/\/strucnoobraz.edu.ba\/wp-content\/uploads\/dan-grada-sarajeva-1024x597.jpg\" alt=\"\" class=\"wp-image-2048\" srcset=\"https:\/\/strucnoobraz.edu.ba\/wp-content\/uploads\/dan-grada-sarajeva-1024x597.jpg 1024w, https:\/\/strucnoobraz.edu.ba\/wp-content\/uploads\/dan-grada-sarajeva-300x175.jpg 300w, https:\/\/strucnoobraz.edu.ba\/wp-content\/uploads\/dan-grada-sarajeva-768x448.jpg 768w, https:\/\/strucnoobraz.edu.ba\/wp-content\/uploads\/dan-grada-sarajeva-1536x896.jpg 1536w, https:\/\/strucnoobraz.edu.ba\/wp-content\/uploads\/dan-grada-sarajeva-2048x1195.jpg 2048w, https:\/\/strucnoobraz.edu.ba\/wp-content\/uploads\/dan-grada-sarajeva-500x292.jpg 500w\" sizes=\"auto, (max-width: 1024px) 100vw, 1024px\" \/><\/figure>\n\n\n\n<p><strong>\u0160esti april najzna\u010dajniji je datum u historiji glavnog grada Bosne i Hercegovine. <br>\u0160estog aprila 1945. godine, zajedni\u010dkim naporima i \u017ertvama sarajevskih patriota oslobo\u0111eno je Sarajevo.<\/strong><\/p>\n\n\n\n<p>Na ovaj isti dan, 6. aprila 1992. godine Sarajevo je opet\ntrebalo svoje gra\u0111ane i patriote da ga jo\u0161 jednom oslobode. I opet je\noslobo\u0111eno. Od po\u010detka opsade pa do 31. jula 1995. u Sarajevu je ubijeno, umrlo\nod gladi, hladno\u0107e i nestalo 11.541 civil, od kojih 1.601 djete. Materijalna\n\u0161teta koju je grad pretrpio tokom opsade, prije svega kroz razaranja stambenog\nfonda i uni\u0161tenje kulturnog blaga i privrednih objekata i saobra\u0107ajnica, je\nneprocjenjiva.<\/p>\n\n\n\n<p>Tako\u0111er, treba napomenuti i da je 6. aprila 1992. godine,\ntada\u0161nja Evropska zajednica priznala Republiku Bosnu i Hercegovinu kao\nnezavisnu dr\u017eavu. Na\u017ealost, dok se zastava sa Ljiljanima vijorila ispred zgrade\nUN-a u New Yorku, srpske snage granatirale su stari dio grada i otpo\u010dele\nnajdu\u017eu blokadu jednog grada u historiji ratovanja, olimpijskog grada Sarajeva.<\/p>\n\n\n\n<p>Zato svima onima koji grad Sarajevo smatraju\nsvojim gradom, svima onima koji ga vole i po\u0161tuju, svima onima koji se odnose\nprema njemu sa po\u0161tovanjem \u017eelimo sretan Dan grada Sarajeva.<\/p>\n","protected":false},"excerpt":{"rendered":"<p>\u0160esti april najzna\u010dajniji je datum u historiji glavnog grada Bosne i Hercegovine. \u0160estog aprila 1945. godine, zajedni\u010dkim naporima i \u017ertvama sarajevskih patriota oslobo\u0111eno je Sarajevo. Na ovaj isti dan, 6. aprila 1992. godine Sarajevo je opet trebalo svoje gra\u0111ane i &hellip; <a href=\"https:\/\/strucnoobraz.edu.ba\/?p=2047\">Continue reading <span class=\"meta-nav\">&rarr;<\/span><\/a><\/p>\n","protected":false},"author":1,"featured_media":0,"comment_status":"closed","ping_status":"open","sticky":false,"template":"","format":"standard","meta":{"footnotes":""},"categories":[1,4],"tags":[],"class_list":["post-2047","post","type-post","status-publish","format-standard","hentry","category-novosti-novosti","category-novosti"],"_links":{"self":[{"href":"https:\/\/strucnoobraz.edu.ba\/index.php?rest_route=\/wp\/v2\/posts\/2047","targetHints":{"allow":["GET"]}}],"collection":[{"href":"https:\/\/strucnoobraz.edu.ba\/index.php?rest_route=\/wp\/v2\/posts"}],"about":[{"href":"https:\/\/strucnoobraz.edu.ba\/index.php?rest_route=\/wp\/v2\/types\/post"}],"author":[{"embeddable":true,"href":"https:\/\/strucnoobraz.edu.ba\/index.php?rest_route=\/wp\/v2\/users\/1"}],"replies":[{"embeddable":true,"href":"https:\/\/strucnoobraz.edu.ba\/index.php?rest_route=%2Fwp%2Fv2%2Fcomments&post=2047"}],"version-history":[{"count":1,"href":"https:\/\/strucnoobraz.edu.ba\/index.php?rest_route=\/wp\/v2\/posts\/2047\/revisions"}],"predecessor-version":[{"id":2049,"href":"https:\/\/strucnoobraz.edu.ba\/index.php?rest_route=\/wp\/v2\/posts\/2047\/revisions\/2049"}],"wp:attachment":[{"href":"https:\/\/strucnoobraz.edu.ba\/index.php?rest_route=%2Fwp%2Fv2%2Fmedia&parent=2047"}],"wp:term":[{"taxonomy":"category","embeddable":true,"href":"https:\/\/strucnoobraz.edu.ba\/index.php?rest_route=%2Fwp%2Fv2%2Fcategories&post=2047"},{"taxonomy":"post_tag","embeddable":true,"href":"https:\/\/strucnoobraz.edu.ba\/index.php?rest_route=%2Fwp%2Fv2%2Ftags&post=2047"}],"curies":[{"name":"wp","href":"https:\/\/api.w.org\/{rel}","templated":true}]}}