{"id":2009,"date":"2020-03-07T21:27:40","date_gmt":"2020-03-07T20:27:40","guid":{"rendered":"http:\/\/strucnoobraz.edu.ba\/?p=2009"},"modified":"2020-03-09T12:28:24","modified_gmt":"2020-03-09T11:28:24","slug":"8-mart-zasto-je-ovaj-datum-vazan","status":"publish","type":"post","link":"https:\/\/strucnoobraz.edu.ba\/?p=2009","title":{"rendered":"8. MART, ZA\u0160TO JE OVAJ DATUM VA\u017dAN?"},"content":{"rendered":"\n<p><strong><em>8. MART JE SAMO JEDAN DAN U GODINI KADA SE PRISJE\u0106AMO BORBE ZA \u017dENSKA PRAVA, ALI NIKAKO NE SMIJEMO ZABORAVITI DA TA BORBA I DALJE TRAJE.<\/em><\/strong><\/p>\n\n\n\n<p>Me\u0111unarodni dan \u017eena (skra\u0107eno Dan \u017eena), me\u0111unarodni je praznik koji se obilje\u017eava 8. marta svake godine. Tog dana se slave ekonomska, politi\u010dka i dru\u0161tvena dostignu\u0107a pripadnica \u017eenskog pola.<\/p>\n\n\n\n<p>Ideja da se obilje\u017eava me\u0111unarodni dan \u017eena se prvi put pojavila po\u010detkom 20. vijeka u doba brze industrijalizacije i ekonomske ekspanzije koja je \u010desto dovodila do protesta zbog lo\u0161ih radnih uslova.<\/p>\n\n\n\n<p>\u017dene zaposlene u industriji odje\u0107e i tekstila su javno demonstrirale 8.3. 1857. godine u New Yorku. Tekstilne radnice su protestovale zbog lo\u0161ih radnih uslova i niskih plata. Demonstracije je rastjerala policija, a te iste \u017eene su osnovale sindikat dva mjeseca kasnije.<\/p>\n\n\n\n<p>Protesti na 8. 3. su se doga\u0111ali i slijede\u0107ih godina, od kojih je najpoznatiji bio 1908. godine kada je 15.000 \u017eena mar\u0161iralo kroz New York tra\u017ee\u010di kra\u0107e radno vrijeme, bolje pla\u0107e i pravo glasa.<\/p>\n\n\n\n<p>Godine 1910. prva me\u0111unarodna \u017eenska konferencija bila je odr\u017eana u Kopenhagenu u organizaciji Socijalisti\u010dke Internacionale te ustanovila \u201cMe\u0111unarodni dan \u017eena\u201d na prijedlog slavne njema\u010dke socijalistice Clare Zetkin.<\/p>\n\n\n\n<p>Bosna i Hercegovina i dalje je tradicionalno dru\u0161tvo u kome se \u017eene svakim danom trebaju boriti za bolji polo\u017eaj u dru\u0161tvu.<br>U bh politici polo\u017eaj \u017eena jasno govori da smo daleko od ravnopravnosti polova i da je potrebno jo\u0161 mnogo toga uraditi da se situacija popravi.<\/p>\n\n\n\n<p>sadr\u017eaj preuzet sa portala 6yka<\/p>\n\n\n\n<p><em><strong>SVIM \u017dENAMA SRETAN 8. MART, Me\u0111unarodni dan \u017eena, \u017eeli \u0160kola za srednje stru\u010dno obrazovanje i radno osposobljavanje<\/strong><\/em><\/p>\n\n\n\n<figure class=\"wp-block-image size-large\"><img loading=\"lazy\" decoding=\"async\" width=\"580\" height=\"960\" src=\"https:\/\/strucnoobraz.edu.ba\/wp-content\/uploads\/7-3.jpg\" alt=\"\" class=\"wp-image-2010\" srcset=\"https:\/\/strucnoobraz.edu.ba\/wp-content\/uploads\/7-3.jpg 580w, https:\/\/strucnoobraz.edu.ba\/wp-content\/uploads\/7-3-181x300.jpg 181w\" sizes=\"auto, (max-width: 580px) 100vw, 580px\" \/><\/figure>\n\n\n\n<div class=\"wp-block-image\"><figure class=\"aligncenter size-medium\"><img loading=\"lazy\" decoding=\"async\" width=\"300\" height=\"300\" src=\"https:\/\/strucnoobraz.edu.ba\/wp-content\/uploads\/8-3-300x300.jpg\" alt=\"\" class=\"wp-image-2011\" srcset=\"https:\/\/strucnoobraz.edu.ba\/wp-content\/uploads\/8-3-300x300.jpg 300w, https:\/\/strucnoobraz.edu.ba\/wp-content\/uploads\/8-3-150x150.jpg 150w, https:\/\/strucnoobraz.edu.ba\/wp-content\/uploads\/8-3-768x768.jpg 768w, https:\/\/strucnoobraz.edu.ba\/wp-content\/uploads\/8-3.jpg 960w\" sizes=\"auto, (max-width: 300px) 100vw, 300px\" \/><\/figure><\/div>\n\n\n\n<div class=\"wp-block-image\"><figure class=\"aligncenter size-medium\"><img loading=\"lazy\" decoding=\"async\" width=\"300\" height=\"300\" src=\"https:\/\/strucnoobraz.edu.ba\/wp-content\/uploads\/9-2-300x300.jpg\" alt=\"\" class=\"wp-image-2012\" srcset=\"https:\/\/strucnoobraz.edu.ba\/wp-content\/uploads\/9-2-300x300.jpg 300w, https:\/\/strucnoobraz.edu.ba\/wp-content\/uploads\/9-2-150x150.jpg 150w, https:\/\/strucnoobraz.edu.ba\/wp-content\/uploads\/9-2-768x768.jpg 768w, https:\/\/strucnoobraz.edu.ba\/wp-content\/uploads\/9-2.jpg 960w\" sizes=\"auto, (max-width: 300px) 100vw, 300px\" \/><\/figure><\/div>\n\n\n\n<div class=\"wp-block-image\"><figure class=\"aligncenter size-medium\"><img loading=\"lazy\" decoding=\"async\" width=\"300\" height=\"300\" src=\"https:\/\/strucnoobraz.edu.ba\/wp-content\/uploads\/10-300x300.jpg\" alt=\"\" class=\"wp-image-2013\" srcset=\"https:\/\/strucnoobraz.edu.ba\/wp-content\/uploads\/10-300x300.jpg 300w, https:\/\/strucnoobraz.edu.ba\/wp-content\/uploads\/10-150x150.jpg 150w, https:\/\/strucnoobraz.edu.ba\/wp-content\/uploads\/10-768x768.jpg 768w, https:\/\/strucnoobraz.edu.ba\/wp-content\/uploads\/10.jpg 960w\" sizes=\"auto, (max-width: 300px) 100vw, 300px\" \/><\/figure><\/div>\n\n\n\n<div class=\"wp-block-image\"><figure class=\"aligncenter size-medium\"><img decoding=\"async\" src=\"https:\/\/strucnoobraz.edu.ba\/wp-content\/uploads\/11-300x300.jpg\" alt=\"\" class=\"wp-image-2014\"\/><\/figure><\/div>\n","protected":false},"excerpt":{"rendered":"<p>8. MART JE SAMO JEDAN DAN U GODINI KADA SE PRISJE\u0106AMO BORBE ZA \u017dENSKA PRAVA, ALI NIKAKO NE SMIJEMO ZABORAVITI DA TA BORBA I DALJE TRAJE. Me\u0111unarodni dan \u017eena (skra\u0107eno Dan \u017eena), me\u0111unarodni je praznik koji se obilje\u017eava 8. marta &hellip; <a href=\"https:\/\/strucnoobraz.edu.ba\/?p=2009\">Continue reading <span class=\"meta-nav\">&rarr;<\/span><\/a><\/p>\n","protected":false},"author":1,"featured_media":0,"comment_status":"closed","ping_status":"open","sticky":false,"template":"","format":"standard","meta":{"footnotes":""},"categories":[1],"tags":[],"class_list":["post-2009","post","type-post","status-publish","format-standard","hentry","category-novosti-novosti"],"_links":{"self":[{"href":"https:\/\/strucnoobraz.edu.ba\/index.php?rest_route=\/wp\/v2\/posts\/2009","targetHints":{"allow":["GET"]}}],"collection":[{"href":"https:\/\/strucnoobraz.edu.ba\/index.php?rest_route=\/wp\/v2\/posts"}],"about":[{"href":"https:\/\/strucnoobraz.edu.ba\/index.php?rest_route=\/wp\/v2\/types\/post"}],"author":[{"embeddable":true,"href":"https:\/\/strucnoobraz.edu.ba\/index.php?rest_route=\/wp\/v2\/users\/1"}],"replies":[{"embeddable":true,"href":"https:\/\/strucnoobraz.edu.ba\/index.php?rest_route=%2Fwp%2Fv2%2Fcomments&post=2009"}],"version-history":[{"count":3,"href":"https:\/\/strucnoobraz.edu.ba\/index.php?rest_route=\/wp\/v2\/posts\/2009\/revisions"}],"predecessor-version":[{"id":2017,"href":"https:\/\/strucnoobraz.edu.ba\/index.php?rest_route=\/wp\/v2\/posts\/2009\/revisions\/2017"}],"wp:attachment":[{"href":"https:\/\/strucnoobraz.edu.ba\/index.php?rest_route=%2Fwp%2Fv2%2Fmedia&parent=2009"}],"wp:term":[{"taxonomy":"category","embeddable":true,"href":"https:\/\/strucnoobraz.edu.ba\/index.php?rest_route=%2Fwp%2Fv2%2Fcategories&post=2009"},{"taxonomy":"post_tag","embeddable":true,"href":"https:\/\/strucnoobraz.edu.ba\/index.php?rest_route=%2Fwp%2Fv2%2Ftags&post=2009"}],"curies":[{"name":"wp","href":"https:\/\/api.w.org\/{rel}","templated":true}]}}