{"id":1995,"date":"2020-02-29T12:44:00","date_gmt":"2020-02-29T11:44:00","guid":{"rendered":"http:\/\/strucnoobraz.edu.ba\/?p=1995"},"modified":"2020-03-04T09:48:42","modified_gmt":"2020-03-04T08:48:42","slug":"1-mart-dan-nezavisnosti-bosne-i-hercegovine","status":"publish","type":"post","link":"https:\/\/strucnoobraz.edu.ba\/?p=1995","title":{"rendered":"1. Mart Dan nezavisnosti Bosne i Hercegovine"},"content":{"rendered":"\n<p><strong><em>SVIM BOSANCIMA I HERCEGOVCIMA \u017dELIMO<br>SRETAN 1. MART DAN NEZAVISNOSTI BiH<\/em><\/strong><\/p>\n\n\n\n<p>1. mart se obilje\u017eava kao Dan nezavisnosti Bosne i Herecgovine jo\u0161 od 1992. godine.<\/p>\n\n\n\n<p>Naime, 29. februara i 1. marta 1992. godine, u Bosni i Hercegovini odr\u017ean je referendum o nezavisnosti Bosne i Hercegovine od SFRJ.<\/p>\n\n\n\n<p>Ve\u0107ina Bosanaca i Hercegovaca izjasnila se tada pozitivno &#8211; glasali su za demokratsku i nezavisnu Bosnu i Hercegovinu, dr\u017eavu ravnopravnih gra\u0111ana.<\/p>\n\n\n\n<p>Zemlje \u010dlanice Evropske zajednice su 6. aprila 1992. godine, a dan kasnije i Sjedinjene Ameri\u010dke Dr\u017eave priznale Bosnu i Hercegovinu kao nezavisnu i suverenu dr\u017eavu.<\/p>\n\n\n\n<figure class=\"wp-block-image size-large\"><img loading=\"lazy\" decoding=\"async\" width=\"960\" height=\"352\" src=\"https:\/\/strucnoobraz.edu.ba\/wp-content\/uploads\/1-mart.jpg\" alt=\"\" class=\"wp-image-1996\" srcset=\"https:\/\/strucnoobraz.edu.ba\/wp-content\/uploads\/1-mart.jpg 960w, https:\/\/strucnoobraz.edu.ba\/wp-content\/uploads\/1-mart-300x110.jpg 300w, https:\/\/strucnoobraz.edu.ba\/wp-content\/uploads\/1-mart-768x282.jpg 768w, https:\/\/strucnoobraz.edu.ba\/wp-content\/uploads\/1-mart-500x183.jpg 500w\" sizes=\"auto, (max-width: 960px) 100vw, 960px\" \/><\/figure>\n","protected":false},"excerpt":{"rendered":"<p>SVIM BOSANCIMA I HERCEGOVCIMA \u017dELIMOSRETAN 1. MART DAN NEZAVISNOSTI BiH 1. mart se obilje\u017eava kao Dan nezavisnosti Bosne i Herecgovine jo\u0161 od 1992. godine. Naime, 29. februara i 1. marta 1992. godine, u Bosni i Hercegovini odr\u017ean je referendum o &hellip; <a href=\"https:\/\/strucnoobraz.edu.ba\/?p=1995\">Continue reading <span class=\"meta-nav\">&rarr;<\/span><\/a><\/p>\n","protected":false},"author":1,"featured_media":0,"comment_status":"closed","ping_status":"open","sticky":false,"template":"","format":"standard","meta":{"footnotes":""},"categories":[4,1],"tags":[],"class_list":["post-1995","post","type-post","status-publish","format-standard","hentry","category-novosti","category-novosti-novosti"],"_links":{"self":[{"href":"https:\/\/strucnoobraz.edu.ba\/index.php?rest_route=\/wp\/v2\/posts\/1995","targetHints":{"allow":["GET"]}}],"collection":[{"href":"https:\/\/strucnoobraz.edu.ba\/index.php?rest_route=\/wp\/v2\/posts"}],"about":[{"href":"https:\/\/strucnoobraz.edu.ba\/index.php?rest_route=\/wp\/v2\/types\/post"}],"author":[{"embeddable":true,"href":"https:\/\/strucnoobraz.edu.ba\/index.php?rest_route=\/wp\/v2\/users\/1"}],"replies":[{"embeddable":true,"href":"https:\/\/strucnoobraz.edu.ba\/index.php?rest_route=%2Fwp%2Fv2%2Fcomments&post=1995"}],"version-history":[{"count":3,"href":"https:\/\/strucnoobraz.edu.ba\/index.php?rest_route=\/wp\/v2\/posts\/1995\/revisions"}],"predecessor-version":[{"id":1999,"href":"https:\/\/strucnoobraz.edu.ba\/index.php?rest_route=\/wp\/v2\/posts\/1995\/revisions\/1999"}],"wp:attachment":[{"href":"https:\/\/strucnoobraz.edu.ba\/index.php?rest_route=%2Fwp%2Fv2%2Fmedia&parent=1995"}],"wp:term":[{"taxonomy":"category","embeddable":true,"href":"https:\/\/strucnoobraz.edu.ba\/index.php?rest_route=%2Fwp%2Fv2%2Fcategories&post=1995"},{"taxonomy":"post_tag","embeddable":true,"href":"https:\/\/strucnoobraz.edu.ba\/index.php?rest_route=%2Fwp%2Fv2%2Ftags&post=1995"}],"curies":[{"name":"wp","href":"https:\/\/api.w.org\/{rel}","templated":true}]}}