{"id":1981,"date":"2020-02-21T15:36:26","date_gmt":"2020-02-21T14:36:26","guid":{"rendered":"http:\/\/strucnoobraz.edu.ba\/?p=1981"},"modified":"2020-03-04T09:40:47","modified_gmt":"2020-03-04T08:40:47","slug":"medjunarodni-dan-turistickih-vodica","status":"publish","type":"post","link":"https:\/\/strucnoobraz.edu.ba\/?p=1981","title":{"rendered":"Me\u0111unarodni dan turisti\u010dkih vodi\u010da"},"content":{"rendered":"\n<p>Povodom obilje\u017eavanja Me\u0111unarodnog dana turisti\u010dkih vodi\u010da 21. februara (petak) nekoliko na\u0161ih u\u010denika\/ca u pratnji profesorica, Selme Kapi\u0107 Kantardzi\u0107 Jurki\u0107, Alme Bandi\u0107 i Alme Fetahovi\u0107 u\u010destvovalo je u aktivnosti koju je organizovala Srednja ugostiteljsko turisti\u010dka \u0161kola-Sarajevo.<\/p>\n\n\n\n<p>Aktivnost je podrazumjevala kratku turisti\u010dku turu kroz Stari Grad, a sve u cilju podizanja svijesti o va\u017enosti profesije turisti\u010dkog vodi\u010da, ali i turizma u Kantonu Sarajevo i Bosni i Hercegovini.<\/p>\n\n\n\n<p>Na\u0161i doma\u0107ini\/ vodi\u010di, prof. Bahra Pa\u0161i\u0107 sa svojim u\u010denicama predstavile su nam nekoliko kulturno-historijskih znamenitosti na vrlo neposredan i profesionalan na\u010din.<\/p>\n\n\n\n<p>Ova edukativna \u0161etnja nam je bila podsjetnik koliko trebamo da cijenimo i \u010duvamo vrijednosti koje su izgradile kulture mnogo prije nas, sjedinjuju\u0107i bogatstvo razli\u010ditosti i ostavljaju\u0107i nam da se divimo i \u017eivimo sve te pri\u010de.<\/p>\n\n\n\n<p>Hvala na\u0161im doma\u0107inima\/ vodi\u010dima za lijepo i korisno provedeno vrijeme.<\/p>\n\n\n\n<figure class=\"wp-block-image size-large\"><img loading=\"lazy\" decoding=\"async\" width=\"600\" height=\"800\" src=\"https:\/\/strucnoobraz.edu.ba\/wp-content\/uploads\/a-5.jpg\" alt=\"\" class=\"wp-image-1983\" srcset=\"https:\/\/strucnoobraz.edu.ba\/wp-content\/uploads\/a-5.jpg 600w, https:\/\/strucnoobraz.edu.ba\/wp-content\/uploads\/a-5-225x300.jpg 225w\" sizes=\"auto, (max-width: 600px) 100vw, 600px\" \/><\/figure>\n\n\n\n<figure class=\"wp-block-image size-large\"><img loading=\"lazy\" decoding=\"async\" width=\"600\" height=\"800\" src=\"https:\/\/strucnoobraz.edu.ba\/wp-content\/uploads\/b-6.jpg\" alt=\"\" class=\"wp-image-1989\" srcset=\"https:\/\/strucnoobraz.edu.ba\/wp-content\/uploads\/b-6.jpg 600w, https:\/\/strucnoobraz.edu.ba\/wp-content\/uploads\/b-6-225x300.jpg 225w\" sizes=\"auto, (max-width: 600px) 100vw, 600px\" \/><\/figure>\n\n\n\n<figure class=\"wp-block-image size-large\"><img loading=\"lazy\" decoding=\"async\" width=\"640\" height=\"480\" src=\"https:\/\/strucnoobraz.edu.ba\/wp-content\/uploads\/c-5.jpg\" alt=\"\" class=\"wp-image-1990\" srcset=\"https:\/\/strucnoobraz.edu.ba\/wp-content\/uploads\/c-5.jpg 640w, https:\/\/strucnoobraz.edu.ba\/wp-content\/uploads\/c-5-300x225.jpg 300w, https:\/\/strucnoobraz.edu.ba\/wp-content\/uploads\/c-5-400x300.jpg 400w\" sizes=\"auto, (max-width: 640px) 100vw, 640px\" \/><\/figure>\n\n\n\n<figure class=\"wp-block-image size-large\"><img loading=\"lazy\" decoding=\"async\" width=\"480\" height=\"640\" src=\"https:\/\/strucnoobraz.edu.ba\/wp-content\/uploads\/d-5.jpg\" alt=\"\" class=\"wp-image-1991\" srcset=\"https:\/\/strucnoobraz.edu.ba\/wp-content\/uploads\/d-5.jpg 480w, https:\/\/strucnoobraz.edu.ba\/wp-content\/uploads\/d-5-225x300.jpg 225w\" sizes=\"auto, (max-width: 480px) 100vw, 480px\" \/><\/figure>\n\n\n\n<figure class=\"wp-block-image size-large\"><img loading=\"lazy\" decoding=\"async\" width=\"480\" height=\"640\" src=\"https:\/\/strucnoobraz.edu.ba\/wp-content\/uploads\/e-5.jpg\" alt=\"\" class=\"wp-image-1992\" srcset=\"https:\/\/strucnoobraz.edu.ba\/wp-content\/uploads\/e-5.jpg 480w, https:\/\/strucnoobraz.edu.ba\/wp-content\/uploads\/e-5-225x300.jpg 225w\" sizes=\"auto, (max-width: 480px) 100vw, 480px\" \/><\/figure>\n","protected":false},"excerpt":{"rendered":"<p>Povodom obilje\u017eavanja Me\u0111unarodnog dana turisti\u010dkih vodi\u010da 21. februara (petak) nekoliko na\u0161ih u\u010denika\/ca u pratnji profesorica, Selme Kapi\u0107 Kantardzi\u0107 Jurki\u0107, Alme Bandi\u0107 i Alme Fetahovi\u0107 u\u010destvovalo je u aktivnosti koju je organizovala Srednja ugostiteljsko turisti\u010dka \u0161kola-Sarajevo. Aktivnost je podrazumjevala kratku turisti\u010dku &hellip; <a href=\"https:\/\/strucnoobraz.edu.ba\/?p=1981\">Continue reading <span class=\"meta-nav\">&rarr;<\/span><\/a><\/p>\n","protected":false},"author":1,"featured_media":0,"comment_status":"closed","ping_status":"open","sticky":false,"template":"","format":"standard","meta":{"footnotes":""},"categories":[1,4],"tags":[],"class_list":["post-1981","post","type-post","status-publish","format-standard","hentry","category-novosti-novosti","category-novosti"],"_links":{"self":[{"href":"https:\/\/strucnoobraz.edu.ba\/index.php?rest_route=\/wp\/v2\/posts\/1981","targetHints":{"allow":["GET"]}}],"collection":[{"href":"https:\/\/strucnoobraz.edu.ba\/index.php?rest_route=\/wp\/v2\/posts"}],"about":[{"href":"https:\/\/strucnoobraz.edu.ba\/index.php?rest_route=\/wp\/v2\/types\/post"}],"author":[{"embeddable":true,"href":"https:\/\/strucnoobraz.edu.ba\/index.php?rest_route=\/wp\/v2\/users\/1"}],"replies":[{"embeddable":true,"href":"https:\/\/strucnoobraz.edu.ba\/index.php?rest_route=%2Fwp%2Fv2%2Fcomments&post=1981"}],"version-history":[{"count":1,"href":"https:\/\/strucnoobraz.edu.ba\/index.php?rest_route=\/wp\/v2\/posts\/1981\/revisions"}],"predecessor-version":[{"id":1993,"href":"https:\/\/strucnoobraz.edu.ba\/index.php?rest_route=\/wp\/v2\/posts\/1981\/revisions\/1993"}],"wp:attachment":[{"href":"https:\/\/strucnoobraz.edu.ba\/index.php?rest_route=%2Fwp%2Fv2%2Fmedia&parent=1981"}],"wp:term":[{"taxonomy":"category","embeddable":true,"href":"https:\/\/strucnoobraz.edu.ba\/index.php?rest_route=%2Fwp%2Fv2%2Fcategories&post=1981"},{"taxonomy":"post_tag","embeddable":true,"href":"https:\/\/strucnoobraz.edu.ba\/index.php?rest_route=%2Fwp%2Fv2%2Ftags&post=1981"}],"curies":[{"name":"wp","href":"https:\/\/api.w.org\/{rel}","templated":true}]}}