{"id":1653,"date":"2019-12-03T16:04:27","date_gmt":"2019-12-03T15:04:27","guid":{"rendered":"http:\/\/strucnoobraz.edu.ba\/?p=1653"},"modified":"2019-12-09T12:48:46","modified_gmt":"2019-12-09T11:48:46","slug":"3-decembar-medunarodni-dan-osoba-sa-invaliditetom","status":"publish","type":"post","link":"https:\/\/strucnoobraz.edu.ba\/?p=1653","title":{"rendered":"3. decembar Me\u0111unarodni dan osoba sa invaliditetom"},"content":{"rendered":"<p>Godi\u0161nje obilje\u017eavanje Me\u0111unarodnog dana osoba sa invaliditetom 3. decembra ima za cilj da promovi\u0161e razumijevanje problema invaliditeta i mobilizira podr\u0161ku za dignitet, prava i dobrobit osoba sa invaliditetom.<\/p>\n<p>Obilje\u017eavanjem ovog datuma se te\u017ei ka podizanju svijesti o dobrobitima integrisanja osoba sa invaliditetom u sve aspekte politi\u010dkog, ekonomskog i kulturnog \u017eivota.<\/p>\n<div class=\"text_exposed_show\">\n<p>Tema ovog dana je zasnovana na cilju potpunog i jednakog u\u017eivanja ljudskih prava i u\u010de\u0161\u0107a u dru\u0161tvu osoba sa invaliditetom, uspostavljenog od strane Svjetskog programa akcije u vezi sa osobama sa invaliditetom, usvojenog od strane Generalne skup\u0161tine Ujedinjenih Nacija 1982. godine.<\/p>\n<p><img loading=\"lazy\" decoding=\"async\" class=\"aligncenter wp-image-1654 size-large\" src=\"https:\/\/strucnoobraz.edu.ba\/wp-content\/uploads\/3-decembar-dan-osoba-sa-invaliditetom-6-672x1024.jpg\" alt=\"\" width=\"672\" height=\"1024\"><\/p>\n<\/div>\n","protected":false},"excerpt":{"rendered":"<p>Godi\u0161nje obilje\u017eavanje Me\u0111unarodnog dana osoba sa invaliditetom 3. decembra ima za cilj da promovi\u0161e razumijevanje problema invaliditeta i mobilizira podr\u0161ku za dignitet, prava i dobrobit osoba sa invaliditetom. Obilje\u017eavanjem ovog datuma se te\u017ei ka podizanju svijesti o dobrobitima integrisanja osoba &hellip; <a href=\"https:\/\/strucnoobraz.edu.ba\/?p=1653\">Continue reading <span class=\"meta-nav\">&rarr;<\/span><\/a><\/p>\n","protected":false},"author":1,"featured_media":1656,"comment_status":"closed","ping_status":"open","sticky":false,"template":"","format":"standard","meta":{"footnotes":""},"categories":[4],"tags":[],"class_list":["post-1653","post","type-post","status-publish","format-standard","has-post-thumbnail","hentry","category-novosti"],"_links":{"self":[{"href":"https:\/\/strucnoobraz.edu.ba\/index.php?rest_route=\/wp\/v2\/posts\/1653","targetHints":{"allow":["GET"]}}],"collection":[{"href":"https:\/\/strucnoobraz.edu.ba\/index.php?rest_route=\/wp\/v2\/posts"}],"about":[{"href":"https:\/\/strucnoobraz.edu.ba\/index.php?rest_route=\/wp\/v2\/types\/post"}],"author":[{"embeddable":true,"href":"https:\/\/strucnoobraz.edu.ba\/index.php?rest_route=\/wp\/v2\/users\/1"}],"replies":[{"embeddable":true,"href":"https:\/\/strucnoobraz.edu.ba\/index.php?rest_route=%2Fwp%2Fv2%2Fcomments&post=1653"}],"version-history":[{"count":2,"href":"https:\/\/strucnoobraz.edu.ba\/index.php?rest_route=\/wp\/v2\/posts\/1653\/revisions"}],"predecessor-version":[{"id":1699,"href":"https:\/\/strucnoobraz.edu.ba\/index.php?rest_route=\/wp\/v2\/posts\/1653\/revisions\/1699"}],"wp:featuredmedia":[{"embeddable":true,"href":"https:\/\/strucnoobraz.edu.ba\/index.php?rest_route=\/wp\/v2\/media\/1656"}],"wp:attachment":[{"href":"https:\/\/strucnoobraz.edu.ba\/index.php?rest_route=%2Fwp%2Fv2%2Fmedia&parent=1653"}],"wp:term":[{"taxonomy":"category","embeddable":true,"href":"https:\/\/strucnoobraz.edu.ba\/index.php?rest_route=%2Fwp%2Fv2%2Fcategories&post=1653"},{"taxonomy":"post_tag","embeddable":true,"href":"https:\/\/strucnoobraz.edu.ba\/index.php?rest_route=%2Fwp%2Fv2%2Ftags&post=1653"}],"curies":[{"name":"wp","href":"https:\/\/api.w.org\/{rel}","templated":true}]}}