{"id":1632,"date":"2019-11-24T21:59:11","date_gmt":"2019-11-24T20:59:11","guid":{"rendered":"http:\/\/strucnoobraz.edu.ba\/?p=1632"},"modified":"2019-11-24T21:59:11","modified_gmt":"2019-11-24T20:59:11","slug":"25-novembar-dan-drzavnosti-bosne-i-hercegovine","status":"publish","type":"post","link":"https:\/\/strucnoobraz.edu.ba\/?p=1632","title":{"rendered":"25. NOVEMBAR DAN DR\u017dAVNOSTI BOSNE i HERCEGOVINE"},"content":{"rendered":"<p><img loading=\"lazy\" decoding=\"async\" class=\"wp-image-1633 size-full aligncenter\" src=\"https:\/\/strucnoobraz.edu.ba\/wp-content\/uploads\/DAN-DRZAVNOSTI-BIH.jpg\" alt=\"\" width=\"564\" height=\"282\" srcset=\"https:\/\/strucnoobraz.edu.ba\/wp-content\/uploads\/DAN-DRZAVNOSTI-BIH.jpg 564w, https:\/\/strucnoobraz.edu.ba\/wp-content\/uploads\/DAN-DRZAVNOSTI-BIH-300x150.jpg 300w\" sizes=\"auto, (max-width: 564px) 100vw, 564px\" \/><\/p>\n<p>25. novembar se obilje\u017eava kao&nbsp;<strong>Dan dr\u017eavnosti Bosne i Hercegovine<\/strong>. Naime, upravo tog historijski vrlo zna\u010dajnog&nbsp;<strong>25. novembra 1943.<\/strong>&nbsp;godine odr\u017eano je&nbsp;<strong>prvo zasjedanje ZAVNOBIH-a<\/strong>&nbsp;(Zemaljsko antifa\u0161isti\u010dko vije\u0107e narodnog oslobo\u0111enja Bosne i Hercegovine), u&nbsp;<strong>Mrkonji\u0107 Gradu<\/strong>. Na pomenutom zasjedanju donesena je odluka o obnovi dr\u017eavnosti BiH, potvr\u0111ene su njene historijske granice, koje su datirale jo\u0161 iz vremena&nbsp;<strong>srednjovjekovne Bosne<\/strong>, te je&nbsp;<strong>Bosna i Hercegovina<\/strong>&nbsp;definisana kao jedna od&nbsp;<strong>\u0161est ravnopravnih republika<\/strong>&nbsp;u tada\u0161njoj&nbsp;<strong>Jugoslaviji<\/strong>.<\/p>\n<p>25. novembra 1943. godine Bosna i Hercegovina je, dakle, obnovila svoju dr\u017eavnost, koju je izgubila&nbsp;<strong>1463. godine<\/strong>, kada je Bosna potpala pod upravu&nbsp;<strong>Osmanske imperije<\/strong>.<\/p>\n<p>Nakon nekoliko dana pomenuta odluka ZAVNOBIH-a je potvr\u0111ena i ozvani\u010dena na&nbsp;<strong>Prvom zasjedanju AVNOJ<\/strong>-a, odnosno Antifa\u0161isti\u010dkog vije\u0107a narodnog oslobo\u0111enja Jugoslavije, u&nbsp;<strong>Jajcu<\/strong>. Treba napomenuti da je BiH, nakon \u0161to je oslobo\u0111ena 1945. godine, dobila zastavu i grb, koji su bili njeni prepoznatljivi i glavni simboli za vrijeme socijalizma, sve do 1992. godine i po\u010detka agresije na BiH.<\/p>\n<p>Ono \u0161to je najva\u017enija \u010dinjenica i zaklju\u010dak zasjedanja&nbsp;<strong>ZAVNOBiH<\/strong>-a, je upravo \u010dinjenica da je<strong>&nbsp;Bosna i Hercegovina<\/strong>, odlukom na ovom zasjedanju, definisana kao&nbsp;<strong>jedinstvena i nedjeljiva dr\u017eava u kojoj \u0107e svi narodi imati ista prava<\/strong>. Treba dodati da je ovu odluku na zasjedanju ZAVNOBIH-a potvrdilo i izglasalo<strong>&nbsp;247 vije\u0107nika ZAVNOBIH-a<\/strong>, svih bh. naroda. Na kraju:<\/p>\n<div><strong>SVIM BOSANCIMA I HERCEGOVCIMA SRETAN 25. NOVEMBAR<\/strong>&nbsp;&#8211;<br \/>\n<strong>DAN DR\u017dAVNOSTI NA\u0160E JEDINE DOMOVINE BOSNE I HERCEGOVINE!<\/strong><\/div>\n","protected":false},"excerpt":{"rendered":"<p>25. novembar se obilje\u017eava kao&nbsp;Dan dr\u017eavnosti Bosne i Hercegovine. Naime, upravo tog historijski vrlo zna\u010dajnog&nbsp;25. novembra 1943.&nbsp;godine odr\u017eano je&nbsp;prvo zasjedanje ZAVNOBIH-a&nbsp;(Zemaljsko antifa\u0161isti\u010dko vije\u0107e narodnog oslobo\u0111enja Bosne i Hercegovine), u&nbsp;Mrkonji\u0107 Gradu. Na pomenutom zasjedanju donesena je odluka o obnovi dr\u017eavnosti BiH, &hellip; <a href=\"https:\/\/strucnoobraz.edu.ba\/?p=1632\">Continue reading <span class=\"meta-nav\">&rarr;<\/span><\/a><\/p>\n","protected":false},"author":1,"featured_media":1633,"comment_status":"closed","ping_status":"open","sticky":false,"template":"","format":"standard","meta":{"footnotes":""},"categories":[4],"tags":[],"class_list":["post-1632","post","type-post","status-publish","format-standard","has-post-thumbnail","hentry","category-novosti"],"_links":{"self":[{"href":"https:\/\/strucnoobraz.edu.ba\/index.php?rest_route=\/wp\/v2\/posts\/1632","targetHints":{"allow":["GET"]}}],"collection":[{"href":"https:\/\/strucnoobraz.edu.ba\/index.php?rest_route=\/wp\/v2\/posts"}],"about":[{"href":"https:\/\/strucnoobraz.edu.ba\/index.php?rest_route=\/wp\/v2\/types\/post"}],"author":[{"embeddable":true,"href":"https:\/\/strucnoobraz.edu.ba\/index.php?rest_route=\/wp\/v2\/users\/1"}],"replies":[{"embeddable":true,"href":"https:\/\/strucnoobraz.edu.ba\/index.php?rest_route=%2Fwp%2Fv2%2Fcomments&post=1632"}],"version-history":[{"count":1,"href":"https:\/\/strucnoobraz.edu.ba\/index.php?rest_route=\/wp\/v2\/posts\/1632\/revisions"}],"predecessor-version":[{"id":1634,"href":"https:\/\/strucnoobraz.edu.ba\/index.php?rest_route=\/wp\/v2\/posts\/1632\/revisions\/1634"}],"wp:featuredmedia":[{"embeddable":true,"href":"https:\/\/strucnoobraz.edu.ba\/index.php?rest_route=\/wp\/v2\/media\/1633"}],"wp:attachment":[{"href":"https:\/\/strucnoobraz.edu.ba\/index.php?rest_route=%2Fwp%2Fv2%2Fmedia&parent=1632"}],"wp:term":[{"taxonomy":"category","embeddable":true,"href":"https:\/\/strucnoobraz.edu.ba\/index.php?rest_route=%2Fwp%2Fv2%2Fcategories&post=1632"},{"taxonomy":"post_tag","embeddable":true,"href":"https:\/\/strucnoobraz.edu.ba\/index.php?rest_route=%2Fwp%2Fv2%2Ftags&post=1632"}],"curies":[{"name":"wp","href":"https:\/\/api.w.org\/{rel}","templated":true}]}}