{"id":163,"date":"2013-06-12T14:42:33","date_gmt":"2013-06-12T12:42:33","guid":{"rendered":"http:\/\/strucnoobraz.web.ba\/?p=163"},"modified":"2014-03-16T19:58:33","modified_gmt":"2014-03-16T18:58:33","slug":"zajedno-za-djecu","status":"publish","type":"post","link":"https:\/\/strucnoobraz.edu.ba\/?p=163","title":{"rendered":"Zajedno za djecu"},"content":{"rendered":"<p align=\"center\"><b>ZAJEDNO ZA DJECU, GOVORIMO O MOGU\u0106NOSTIMA \u2013 Sarajevo, 18.3.2013.<\/b><\/p>\n<p>Povodom 27.ro\u0111endana Edina D\u017eeke, UNICEF i Nogometni savez BiH su organizirali sportsku manifestaciju pod nazivom \u201eZajedno o djeci, govorimo o mogu\u0107nostima\u201c. Manifestacija se odr\u017eala u dvorani \u201eRamiz Sal\u010din\u201c na Mojmilu a istoj je prisustvovalo nekoliko stotina djece iz cijele BiH.<!--more--> Ovaj sportski doga\u0111aj svojim prisustvom uveli\u010dali su i nogometni reprezentativci BiH: slavljenik Edin D\u017eeko, Vedad Ibi\u0161evi\u0107, Ognjen Vranje\u0161, Haris Medunjanin, Muamer Svraka, Asmir Begovi\u0107, Miralem Pjani\u0107, Senijad Ibri\u010di\u0107, selektor Safet Su\u0161i\u0107 te bokser Adnan \u0106ati\u0107 (Felix Sturm). Na ovoj manifestaciji nastupili su i u\u010denici iz na\u0161e \u0161kole koji su imali priliku da se dru\u017ee i slikaju sa na\u0161im reprezentativcima.<\/p>\n<p><a href=\"https:\/\/strucnoobraz.edu.ba\/wp-content\/uploads\/2013\/06\/ibisevic.jpg\"><img loading=\"lazy\" decoding=\"async\" class=\"aligncenter size-full wp-image-164\" alt=\"ibisevic\" src=\"https:\/\/strucnoobraz.edu.ba\/wp-content\/uploads\/2013\/06\/ibisevic.jpg\" width=\"600\" height=\"399\" srcset=\"https:\/\/strucnoobraz.edu.ba\/wp-content\/uploads\/2013\/06\/ibisevic.jpg 600w, https:\/\/strucnoobraz.edu.ba\/wp-content\/uploads\/2013\/06\/ibisevic-300x200.jpg 300w\" sizes=\"auto, (max-width: 600px) 100vw, 600px\" \/><\/a><\/p>\n","protected":false},"excerpt":{"rendered":"<p>ZAJEDNO ZA DJECU, GOVORIMO O MOGU\u0106NOSTIMA \u2013 Sarajevo, 18.3.2013. Povodom 27.ro\u0111endana Edina D\u017eeke, UNICEF i Nogometni savez BiH su organizirali sportsku manifestaciju pod nazivom \u201eZajedno o djeci, govorimo o mogu\u0107nostima\u201c. Manifestacija se odr\u017eala u dvorani \u201eRamiz Sal\u010din\u201c na Mojmilu a &hellip; <a href=\"https:\/\/strucnoobraz.edu.ba\/?p=163\">Continue reading <span class=\"meta-nav\">&rarr;<\/span><\/a><\/p>\n","protected":false},"author":1,"featured_media":164,"comment_status":"closed","ping_status":"open","sticky":false,"template":"","format":"standard","meta":{"footnotes":""},"categories":[4],"tags":[],"class_list":["post-163","post","type-post","status-publish","format-standard","has-post-thumbnail","hentry","category-novosti"],"_links":{"self":[{"href":"https:\/\/strucnoobraz.edu.ba\/index.php?rest_route=\/wp\/v2\/posts\/163","targetHints":{"allow":["GET"]}}],"collection":[{"href":"https:\/\/strucnoobraz.edu.ba\/index.php?rest_route=\/wp\/v2\/posts"}],"about":[{"href":"https:\/\/strucnoobraz.edu.ba\/index.php?rest_route=\/wp\/v2\/types\/post"}],"author":[{"embeddable":true,"href":"https:\/\/strucnoobraz.edu.ba\/index.php?rest_route=\/wp\/v2\/users\/1"}],"replies":[{"embeddable":true,"href":"https:\/\/strucnoobraz.edu.ba\/index.php?rest_route=%2Fwp%2Fv2%2Fcomments&post=163"}],"version-history":[{"count":4,"href":"https:\/\/strucnoobraz.edu.ba\/index.php?rest_route=\/wp\/v2\/posts\/163\/revisions"}],"predecessor-version":[{"id":440,"href":"https:\/\/strucnoobraz.edu.ba\/index.php?rest_route=\/wp\/v2\/posts\/163\/revisions\/440"}],"wp:featuredmedia":[{"embeddable":true,"href":"https:\/\/strucnoobraz.edu.ba\/index.php?rest_route=\/wp\/v2\/media\/164"}],"wp:attachment":[{"href":"https:\/\/strucnoobraz.edu.ba\/index.php?rest_route=%2Fwp%2Fv2%2Fmedia&parent=163"}],"wp:term":[{"taxonomy":"category","embeddable":true,"href":"https:\/\/strucnoobraz.edu.ba\/index.php?rest_route=%2Fwp%2Fv2%2Fcategories&post=163"},{"taxonomy":"post_tag","embeddable":true,"href":"https:\/\/strucnoobraz.edu.ba\/index.php?rest_route=%2Fwp%2Fv2%2Ftags&post=163"}],"curies":[{"name":"wp","href":"https:\/\/api.w.org\/{rel}","templated":true}]}}