{"id":135,"date":"2013-06-12T14:23:48","date_gmt":"2013-06-12T12:23:48","guid":{"rendered":"http:\/\/strucnoobraz.web.ba\/?p=135"},"modified":"2013-06-12T20:42:14","modified_gmt":"2013-06-12T18:42:14","slug":"uefa-grassroots-day","status":"publish","type":"post","link":"https:\/\/strucnoobraz.edu.ba\/?p=135","title":{"rendered":"UEFA Grassroots Day"},"content":{"rendered":"<p><a href=\"https:\/\/strucnoobraz.edu.ba\/wp-content\/uploads\/2013\/06\/grassroots_day.jpg\"><img loading=\"lazy\" decoding=\"async\" class=\"alignleft size-medium wp-image-136\" alt=\"grassroots_day\" src=\"https:\/\/strucnoobraz.edu.ba\/wp-content\/uploads\/2013\/06\/grassroots_day-300x225.jpg\" width=\"300\" height=\"225\" srcset=\"https:\/\/strucnoobraz.edu.ba\/wp-content\/uploads\/2013\/06\/grassroots_day-300x225.jpg 300w, https:\/\/strucnoobraz.edu.ba\/wp-content\/uploads\/2013\/06\/grassroots_day.jpg 600w\" sizes=\"auto, (max-width: 300px) 100vw, 300px\" \/><\/a>U\u010denici na\u0161e \u0161kole u\u010destvovali su na sportskoj manifestaciji \u201eUEFA Grassroots Day\u201c, koja se odr\u017eala na terenima stadiona \u201eKo\u0161evo\u201c i Olimpijske dvorane \u201eZetra\u201c. I pored lo\u0161ih vremenskih uslova, manifestacija je bila izuzetno posje\u0107ena te odli\u010dno organizovana. U programu je u\u010destvovalo 1320 djece razli\u010ditih uzrasta. Cilj manifestacije je bio popularizacija fudbala i uklju\u010divanje u fudbalske aktivnosti razli\u010ditih kategorija dru\u0161tva.<\/p>\n<p>U kategoriji djece sa posebnim potrebama, sastali su se na\u0161a \u0161kola i udru\u017eenje Oaza. Na\u0161a \u0161kola je bila uspje\u0161nija pobjediv\u0161i rezultatom 1:0. Jedini pogodak za na\u0161 tim postigao je Rami\u0107 Ejub.<\/p>\n<p>Za na\u0161 tim su nastupili: Be\u0161i\u0107 Aleksandar, Husejnovi\u0107 Bakir, Spahi\u0107 Alen, Rami\u0107 Ejub, \u017duni\u0107 Mahir, Ferhatovi\u0107 Haris, Mehmedi\u0107 Arnes i Junuzovi\u0107 Elvedin.<\/p>\n<p>Tim su sa klupe vodili profesori Aid Ahmetovi\u0107 i Ernad Kalkan.<\/p>\n","protected":false},"excerpt":{"rendered":"<p>U\u010denici na\u0161e \u0161kole u\u010destvovali su na sportskoj manifestaciji \u201eUEFA Grassroots Day\u201c, koja se odr\u017eala na terenima stadiona \u201eKo\u0161evo\u201c i Olimpijske dvorane \u201eZetra\u201c. I pored lo\u0161ih vremenskih uslova, manifestacija je bila izuzetno posje\u0107ena te odli\u010dno organizovana. U programu je u\u010destvovalo 1320 &hellip; <a href=\"https:\/\/strucnoobraz.edu.ba\/?p=135\">Continue reading <span class=\"meta-nav\">&rarr;<\/span><\/a><\/p>\n","protected":false},"author":1,"featured_media":136,"comment_status":"closed","ping_status":"open","sticky":false,"template":"","format":"standard","meta":{"footnotes":""},"categories":[4],"tags":[],"class_list":["post-135","post","type-post","status-publish","format-standard","has-post-thumbnail","hentry","category-novosti"],"_links":{"self":[{"href":"https:\/\/strucnoobraz.edu.ba\/index.php?rest_route=\/wp\/v2\/posts\/135","targetHints":{"allow":["GET"]}}],"collection":[{"href":"https:\/\/strucnoobraz.edu.ba\/index.php?rest_route=\/wp\/v2\/posts"}],"about":[{"href":"https:\/\/strucnoobraz.edu.ba\/index.php?rest_route=\/wp\/v2\/types\/post"}],"author":[{"embeddable":true,"href":"https:\/\/strucnoobraz.edu.ba\/index.php?rest_route=\/wp\/v2\/users\/1"}],"replies":[{"embeddable":true,"href":"https:\/\/strucnoobraz.edu.ba\/index.php?rest_route=%2Fwp%2Fv2%2Fcomments&post=135"}],"version-history":[{"count":2,"href":"https:\/\/strucnoobraz.edu.ba\/index.php?rest_route=\/wp\/v2\/posts\/135\/revisions"}],"predecessor-version":[{"id":233,"href":"https:\/\/strucnoobraz.edu.ba\/index.php?rest_route=\/wp\/v2\/posts\/135\/revisions\/233"}],"wp:featuredmedia":[{"embeddable":true,"href":"https:\/\/strucnoobraz.edu.ba\/index.php?rest_route=\/wp\/v2\/media\/136"}],"wp:attachment":[{"href":"https:\/\/strucnoobraz.edu.ba\/index.php?rest_route=%2Fwp%2Fv2%2Fmedia&parent=135"}],"wp:term":[{"taxonomy":"category","embeddable":true,"href":"https:\/\/strucnoobraz.edu.ba\/index.php?rest_route=%2Fwp%2Fv2%2Fcategories&post=135"},{"taxonomy":"post_tag","embeddable":true,"href":"https:\/\/strucnoobraz.edu.ba\/index.php?rest_route=%2Fwp%2Fv2%2Ftags&post=135"}],"curies":[{"name":"wp","href":"https:\/\/api.w.org\/{rel}","templated":true}]}}