{"id":1344,"date":"2019-10-07T13:37:53","date_gmt":"2019-10-07T11:37:53","guid":{"rendered":"http:\/\/strucnoobraz.edu.ba\/?p=1344"},"modified":"2019-10-23T13:10:16","modified_gmt":"2019-10-23T11:10:16","slug":"bili-smo-dio-sarene-parade-u-okviru-djecije-nedjelje","status":"publish","type":"post","link":"https:\/\/strucnoobraz.edu.ba\/?p=1344","title":{"rendered":"\u0160ARENA PARADA u okviru DJE\u010cIJE NEDJELJE"},"content":{"rendered":"<p>Bili smo dio \u0160ARENE PARADE u okviru DJE\u010cIJE NEDJELJE<\/p>\n<p>Dje\u010dijom paradom pod sloganom \u201cSlavimo djetinjstvo\u201d, otvorena je Dje\u010dija nedjelja koja \u0107e trajati narednih sedam dana, a u okviru koje je planirano da se odr\u017ei dje\u010diji teatarski festival, \u0161est predstava, \u010detiri radionice i mno\u0161tvo aktivnosti.<\/p>\n<p>Ovim povodom su i na\u0161i u\u010denici\/ce kao u\u010desnici\/ce dio ove parade i ujedno Dje\u010dije nedjelje.<\/p>\n<div class=\"text_exposed_show\">\n<p>Danas su u pratnji na\u0161ih profesorica Jasmine Spahi\u0107 i Samre Ba\u0161i\u0107 u\u010destvovli u \u0161etnji od trga ispred BBI Centra do Katedrale. Pred Katedralom su uz pjesmu i ples u\u017eivali u performansima koje su pripremili u\u010denice i u\u010denici sarajevskih \u0161kola.<\/p>\n<p>Dana\u0161nju paradu organizovalo je Udru\u017eenje \u201cDajte nam \u0161ansu\u201d \u010dija je direktorica Ines Kavalec poru\u010dila svima onima koji donese odluke u ime njih da su djeca vojska najja\u010da i kako trebaju biti stub dru\u0161tva.<\/p>\n<p><img loading=\"lazy\" decoding=\"async\" class=\"aligncenter size-medium wp-image-1345\" src=\"https:\/\/strucnoobraz.edu.ba\/wp-content\/uploads\/B-4-300x146.jpg\" alt=\"\" width=\"300\" height=\"146\" srcset=\"https:\/\/strucnoobraz.edu.ba\/wp-content\/uploads\/B-4-300x146.jpg 300w, https:\/\/strucnoobraz.edu.ba\/wp-content\/uploads\/B-4-768x373.jpg 768w, https:\/\/strucnoobraz.edu.ba\/wp-content\/uploads\/B-4-1024x498.jpg 1024w, https:\/\/strucnoobraz.edu.ba\/wp-content\/uploads\/B-4.jpg 1600w\" sizes=\"auto, (max-width: 300px) 100vw, 300px\" \/> <img loading=\"lazy\" decoding=\"async\" class=\"aligncenter size-medium wp-image-1346\" src=\"https:\/\/strucnoobraz.edu.ba\/wp-content\/uploads\/C-2-146x300.jpg\" alt=\"\" width=\"146\" height=\"300\" srcset=\"https:\/\/strucnoobraz.edu.ba\/wp-content\/uploads\/C-2-146x300.jpg 146w, https:\/\/strucnoobraz.edu.ba\/wp-content\/uploads\/C-2.jpg 466w\" sizes=\"auto, (max-width: 146px) 100vw, 146px\" \/> <img loading=\"lazy\" decoding=\"async\" class=\"aligncenter size-medium wp-image-1347\" src=\"https:\/\/strucnoobraz.edu.ba\/wp-content\/uploads\/E-2-300x201.jpg\" alt=\"\" width=\"300\" height=\"201\" srcset=\"https:\/\/strucnoobraz.edu.ba\/wp-content\/uploads\/E-2-300x201.jpg 300w, https:\/\/strucnoobraz.edu.ba\/wp-content\/uploads\/E-2-768x513.jpg 768w, https:\/\/strucnoobraz.edu.ba\/wp-content\/uploads\/E-2-1024x684.jpg 1024w, https:\/\/strucnoobraz.edu.ba\/wp-content\/uploads\/E-2.jpg 1870w\" sizes=\"auto, (max-width: 300px) 100vw, 300px\" \/> <img loading=\"lazy\" decoding=\"async\" class=\"aligncenter size-medium wp-image-1348\" src=\"https:\/\/strucnoobraz.edu.ba\/wp-content\/uploads\/K-1-300x146.jpg\" alt=\"\" width=\"300\" height=\"146\" srcset=\"https:\/\/strucnoobraz.edu.ba\/wp-content\/uploads\/K-1-300x146.jpg 300w, https:\/\/strucnoobraz.edu.ba\/wp-content\/uploads\/K-1-768x373.jpg 768w, https:\/\/strucnoobraz.edu.ba\/wp-content\/uploads\/K-1-1024x498.jpg 1024w, https:\/\/strucnoobraz.edu.ba\/wp-content\/uploads\/K-1.jpg 1600w\" sizes=\"auto, (max-width: 300px) 100vw, 300px\" \/> <img loading=\"lazy\" decoding=\"async\" class=\"aligncenter size-medium wp-image-1349\" src=\"https:\/\/strucnoobraz.edu.ba\/wp-content\/uploads\/M-1-300x146.jpg\" alt=\"\" width=\"300\" height=\"146\" srcset=\"https:\/\/strucnoobraz.edu.ba\/wp-content\/uploads\/M-1-300x146.jpg 300w, https:\/\/strucnoobraz.edu.ba\/wp-content\/uploads\/M-1-768x373.jpg 768w, https:\/\/strucnoobraz.edu.ba\/wp-content\/uploads\/M-1-1024x498.jpg 1024w, https:\/\/strucnoobraz.edu.ba\/wp-content\/uploads\/M-1.jpg 1600w\" sizes=\"auto, (max-width: 300px) 100vw, 300px\" \/><\/p>\n<\/div>\n","protected":false},"excerpt":{"rendered":"<p>Bili smo dio \u0160ARENE PARADE u okviru DJE\u010cIJE NEDJELJE Dje\u010dijom paradom pod sloganom \u201cSlavimo djetinjstvo\u201d, otvorena je Dje\u010dija nedjelja koja \u0107e trajati narednih sedam dana, a u okviru koje je planirano da se odr\u017ei dje\u010diji teatarski festival, \u0161est predstava, \u010detiri &hellip; <a href=\"https:\/\/strucnoobraz.edu.ba\/?p=1344\">Continue reading <span class=\"meta-nav\">&rarr;<\/span><\/a><\/p>\n","protected":false},"author":1,"featured_media":1350,"comment_status":"closed","ping_status":"open","sticky":false,"template":"","format":"standard","meta":{"footnotes":""},"categories":[4],"tags":[],"class_list":["post-1344","post","type-post","status-publish","format-standard","has-post-thumbnail","hentry","category-novosti"],"_links":{"self":[{"href":"https:\/\/strucnoobraz.edu.ba\/index.php?rest_route=\/wp\/v2\/posts\/1344","targetHints":{"allow":["GET"]}}],"collection":[{"href":"https:\/\/strucnoobraz.edu.ba\/index.php?rest_route=\/wp\/v2\/posts"}],"about":[{"href":"https:\/\/strucnoobraz.edu.ba\/index.php?rest_route=\/wp\/v2\/types\/post"}],"author":[{"embeddable":true,"href":"https:\/\/strucnoobraz.edu.ba\/index.php?rest_route=\/wp\/v2\/users\/1"}],"replies":[{"embeddable":true,"href":"https:\/\/strucnoobraz.edu.ba\/index.php?rest_route=%2Fwp%2Fv2%2Fcomments&post=1344"}],"version-history":[{"count":2,"href":"https:\/\/strucnoobraz.edu.ba\/index.php?rest_route=\/wp\/v2\/posts\/1344\/revisions"}],"predecessor-version":[{"id":1352,"href":"https:\/\/strucnoobraz.edu.ba\/index.php?rest_route=\/wp\/v2\/posts\/1344\/revisions\/1352"}],"wp:featuredmedia":[{"embeddable":true,"href":"https:\/\/strucnoobraz.edu.ba\/index.php?rest_route=\/wp\/v2\/media\/1350"}],"wp:attachment":[{"href":"https:\/\/strucnoobraz.edu.ba\/index.php?rest_route=%2Fwp%2Fv2%2Fmedia&parent=1344"}],"wp:term":[{"taxonomy":"category","embeddable":true,"href":"https:\/\/strucnoobraz.edu.ba\/index.php?rest_route=%2Fwp%2Fv2%2Fcategories&post=1344"},{"taxonomy":"post_tag","embeddable":true,"href":"https:\/\/strucnoobraz.edu.ba\/index.php?rest_route=%2Fwp%2Fv2%2Ftags&post=1344"}],"curies":[{"name":"wp","href":"https:\/\/api.w.org\/{rel}","templated":true}]}}