{"id":1292,"date":"2019-09-30T20:00:34","date_gmt":"2019-09-30T18:00:34","guid":{"rendered":"http:\/\/strucnoobraz.edu.ba\/?p=1292"},"modified":"2019-10-21T12:45:09","modified_gmt":"2019-10-21T10:45:09","slug":"posjeta-memorijalnom-centru-srebrenica-potocari","status":"publish","type":"post","link":"https:\/\/strucnoobraz.edu.ba\/?p=1292","title":{"rendered":"POSJETA MEMORIJALNOM CENTRU SREBRENICA-POTO\u010cARI"},"content":{"rendered":"<p>30.09.2019. godine u\u010denici\/ce \u0160kole za srednje stru\u010dno obrazovanje i radno osposobljavanje u pratnji svojih profesorica i profesora (Selma Kapi\u0107 Kantard\u017ei\u0107 Jurki\u0107, Alma Fetahovi\u0107, Ernad Kalkan) posjetili su Memorijalni centar Srebrenica-Poto\u010dari u organizaciji Ministarstva za obrazovanje, nauku i mlade Kantona Sarajevo.<\/p>\n<p>Ministarstvo za obrazovanje, nauku i mlade Kantona Sarajevo svake godine organizuje posjete svih u\u010denika\/ca drugih razreda sarajevskih srednjih \u0161kola Memorijalnom centru u Poto\u010darima, kako bi se upoznali sa historijskim \u010dinjenicama vezanim za po\u010dinjeni genocid u Srebrenici u periodu agresije na Bosnu i Hercegovinu od 1992. do 1995. godine.<\/p>\n<p><img loading=\"lazy\" decoding=\"async\" class=\"aligncenter size-medium wp-image-1293\" src=\"https:\/\/strucnoobraz.edu.ba\/wp-content\/uploads\/A-300x300.jpg\" alt=\"\" width=\"300\" height=\"300\" srcset=\"https:\/\/strucnoobraz.edu.ba\/wp-content\/uploads\/A-300x300.jpg 300w, https:\/\/strucnoobraz.edu.ba\/wp-content\/uploads\/A-150x150.jpg 150w, https:\/\/strucnoobraz.edu.ba\/wp-content\/uploads\/A-768x768.jpg 768w, https:\/\/strucnoobraz.edu.ba\/wp-content\/uploads\/A.jpg 960w\" sizes=\"auto, (max-width: 300px) 100vw, 300px\" \/> <img loading=\"lazy\" decoding=\"async\" class=\"aligncenter size-medium wp-image-1294\" src=\"https:\/\/strucnoobraz.edu.ba\/wp-content\/uploads\/C-300x300.jpg\" alt=\"\" width=\"300\" height=\"300\" srcset=\"https:\/\/strucnoobraz.edu.ba\/wp-content\/uploads\/C-300x300.jpg 300w, https:\/\/strucnoobraz.edu.ba\/wp-content\/uploads\/C-150x150.jpg 150w, https:\/\/strucnoobraz.edu.ba\/wp-content\/uploads\/C-768x768.jpg 768w, https:\/\/strucnoobraz.edu.ba\/wp-content\/uploads\/C.jpg 960w\" sizes=\"auto, (max-width: 300px) 100vw, 300px\" \/> <img loading=\"lazy\" decoding=\"async\" class=\"aligncenter size-medium wp-image-1295\" src=\"https:\/\/strucnoobraz.edu.ba\/wp-content\/uploads\/D-300x300.jpg\" alt=\"\" width=\"300\" height=\"300\" srcset=\"https:\/\/strucnoobraz.edu.ba\/wp-content\/uploads\/D-300x300.jpg 300w, https:\/\/strucnoobraz.edu.ba\/wp-content\/uploads\/D-150x150.jpg 150w, https:\/\/strucnoobraz.edu.ba\/wp-content\/uploads\/D-768x768.jpg 768w, https:\/\/strucnoobraz.edu.ba\/wp-content\/uploads\/D-266x266.jpg 266w, https:\/\/strucnoobraz.edu.ba\/wp-content\/uploads\/D.jpg 960w\" sizes=\"auto, (max-width: 300px) 100vw, 300px\" \/> <img loading=\"lazy\" decoding=\"async\" class=\"aligncenter size-medium wp-image-1296\" src=\"https:\/\/strucnoobraz.edu.ba\/wp-content\/uploads\/F-300x225.jpg\" alt=\"\" width=\"300\" height=\"225\" srcset=\"https:\/\/strucnoobraz.edu.ba\/wp-content\/uploads\/F-300x225.jpg 300w, https:\/\/strucnoobraz.edu.ba\/wp-content\/uploads\/F-768x576.jpg 768w, https:\/\/strucnoobraz.edu.ba\/wp-content\/uploads\/F-1024x768.jpg 1024w, https:\/\/strucnoobraz.edu.ba\/wp-content\/uploads\/F.jpg 1632w\" sizes=\"auto, (max-width: 300px) 100vw, 300px\" \/> <img loading=\"lazy\" decoding=\"async\" class=\"aligncenter size-medium wp-image-1297\" src=\"https:\/\/strucnoobraz.edu.ba\/wp-content\/uploads\/G-300x225.jpg\" alt=\"\" width=\"300\" height=\"225\" srcset=\"https:\/\/strucnoobraz.edu.ba\/wp-content\/uploads\/G-300x225.jpg 300w, https:\/\/strucnoobraz.edu.ba\/wp-content\/uploads\/G-768x576.jpg 768w, https:\/\/strucnoobraz.edu.ba\/wp-content\/uploads\/G-1024x768.jpg 1024w, https:\/\/strucnoobraz.edu.ba\/wp-content\/uploads\/G.jpg 1632w\" sizes=\"auto, (max-width: 300px) 100vw, 300px\" \/> <img loading=\"lazy\" decoding=\"async\" class=\"aligncenter size-medium wp-image-1298\" src=\"https:\/\/strucnoobraz.edu.ba\/wp-content\/uploads\/H-300x225.jpg\" alt=\"\" width=\"300\" height=\"225\" srcset=\"https:\/\/strucnoobraz.edu.ba\/wp-content\/uploads\/H-300x225.jpg 300w, https:\/\/strucnoobraz.edu.ba\/wp-content\/uploads\/H-768x576.jpg 768w, https:\/\/strucnoobraz.edu.ba\/wp-content\/uploads\/H-1024x768.jpg 1024w, https:\/\/strucnoobraz.edu.ba\/wp-content\/uploads\/H.jpg 1632w\" sizes=\"auto, (max-width: 300px) 100vw, 300px\" \/> <img loading=\"lazy\" decoding=\"async\" class=\"aligncenter size-medium wp-image-1299\" src=\"https:\/\/strucnoobraz.edu.ba\/wp-content\/uploads\/B-300x225.jpg\" alt=\"\" width=\"300\" height=\"225\" srcset=\"https:\/\/strucnoobraz.edu.ba\/wp-content\/uploads\/B-300x225.jpg 300w, https:\/\/strucnoobraz.edu.ba\/wp-content\/uploads\/B-768x576.jpg 768w, https:\/\/strucnoobraz.edu.ba\/wp-content\/uploads\/B-1024x768.jpg 1024w, https:\/\/strucnoobraz.edu.ba\/wp-content\/uploads\/B.jpg 1632w\" sizes=\"auto, (max-width: 300px) 100vw, 300px\" \/><\/p>\n","protected":false},"excerpt":{"rendered":"<p>30.09.2019. godine u\u010denici\/ce \u0160kole za srednje stru\u010dno obrazovanje i radno osposobljavanje u pratnji svojih profesorica i profesora (Selma Kapi\u0107 Kantard\u017ei\u0107 Jurki\u0107, Alma Fetahovi\u0107, Ernad Kalkan) posjetili su Memorijalni centar Srebrenica-Poto\u010dari u organizaciji Ministarstva za obrazovanje, nauku i mlade Kantona Sarajevo. &hellip; <a href=\"https:\/\/strucnoobraz.edu.ba\/?p=1292\">Continue reading <span class=\"meta-nav\">&rarr;<\/span><\/a><\/p>\n","protected":false},"author":1,"featured_media":1307,"comment_status":"closed","ping_status":"open","sticky":false,"template":"","format":"standard","meta":{"footnotes":""},"categories":[4],"tags":[],"class_list":["post-1292","post","type-post","status-publish","format-standard","has-post-thumbnail","hentry","category-novosti"],"_links":{"self":[{"href":"https:\/\/strucnoobraz.edu.ba\/index.php?rest_route=\/wp\/v2\/posts\/1292","targetHints":{"allow":["GET"]}}],"collection":[{"href":"https:\/\/strucnoobraz.edu.ba\/index.php?rest_route=\/wp\/v2\/posts"}],"about":[{"href":"https:\/\/strucnoobraz.edu.ba\/index.php?rest_route=\/wp\/v2\/types\/post"}],"author":[{"embeddable":true,"href":"https:\/\/strucnoobraz.edu.ba\/index.php?rest_route=\/wp\/v2\/users\/1"}],"replies":[{"embeddable":true,"href":"https:\/\/strucnoobraz.edu.ba\/index.php?rest_route=%2Fwp%2Fv2%2Fcomments&post=1292"}],"version-history":[{"count":1,"href":"https:\/\/strucnoobraz.edu.ba\/index.php?rest_route=\/wp\/v2\/posts\/1292\/revisions"}],"predecessor-version":[{"id":1306,"href":"https:\/\/strucnoobraz.edu.ba\/index.php?rest_route=\/wp\/v2\/posts\/1292\/revisions\/1306"}],"wp:featuredmedia":[{"embeddable":true,"href":"https:\/\/strucnoobraz.edu.ba\/index.php?rest_route=\/wp\/v2\/media\/1307"}],"wp:attachment":[{"href":"https:\/\/strucnoobraz.edu.ba\/index.php?rest_route=%2Fwp%2Fv2%2Fmedia&parent=1292"}],"wp:term":[{"taxonomy":"category","embeddable":true,"href":"https:\/\/strucnoobraz.edu.ba\/index.php?rest_route=%2Fwp%2Fv2%2Fcategories&post=1292"},{"taxonomy":"post_tag","embeddable":true,"href":"https:\/\/strucnoobraz.edu.ba\/index.php?rest_route=%2Fwp%2Fv2%2Ftags&post=1292"}],"curies":[{"name":"wp","href":"https:\/\/api.w.org\/{rel}","templated":true}]}}