{"id":1240,"date":"2019-06-01T17:59:31","date_gmt":"2019-06-01T15:59:31","guid":{"rendered":"http:\/\/strucnoobraz.edu.ba\/?p=1240"},"modified":"2019-06-01T18:06:55","modified_gmt":"2019-06-01T16:06:55","slug":"radionica-by-gym-grande-champion","status":"publish","type":"post","link":"https:\/\/strucnoobraz.edu.ba\/?p=1240","title":{"rendered":"RADIONICA BY GYM GRANDE CHAMPION"},"content":{"rendered":"<p style=\"text-align: center;\">RADIONICA BY GYM GRANDE CHAMPION<\/p>\n<p>Gradona\u010dalnik Sarajeva Abdulah Skaka Nedim Babi\u0107 i&nbsp;<a class=\"profileLink\" href=\"https:\/\/www.facebook.com\/pages\/Gym-Grande-Champion\/2085836228400521?__tn__=K-R&amp;eid=ARBHULFeCEWG5HI_bY87O7Aj7TQ2Yl3BYCP-ETXHPCm2fOv0ks1YXtwIAN6eFh0BGDXs6uKGP2owcyTe&amp;fref=mentions&amp;__xts__%5B0%5D=68.ARB2_M6R5hvwUuudQ0ONC3WEqvtCEu618YgcXriOJ0Uy7dJF_BirzAX0cFNUybPVG6K4UpnCEtoCnLnu_zzL8D38mqNYsf1OKfrHM32FP8PrKjp_8jhJDmJ2JFkzT0--b1HpKXYW1eF15bwmETBjzgMCy7YJNoxTcKcRKFgadnGrEWpiS38uZizPrnXNU7J5EvhoRiGTVZPIC7YPycvQCbap8yMHkBOHDzOR1RXLafmaZ5QThEFtLYqy5wOpH-5RxbTzG45URe8SSEUyL6ktpK_33UBPjdSC7G6F968Lcw0lxVa4HZyQHDr3jHaMhDgpFUiq6Mq3LkK0QT6OOtfaeFaWouo2UQVexIGAkd3XMgODt6ABocuKU6I7j5LfbH9w2GHakLLGsSnQvFsglVAofHX25D60jVsnF_qAq36zx6fD1Y_bWjZsUr6pvt5K\" data-hovercard=\"\/ajax\/hovercard\/page.php?id=2085836228400521&amp;extragetparams=%7B%22__tn__%22%3A%22%2CdK-R-R%22%2C%22eid%22%3A%22ARBHULFeCEWG5HI_bY87O7Aj7TQ2Yl3BYCP-ETXHPCm2fOv0ks1YXtwIAN6eFh0BGDXs6uKGP2owcyTe%22%2C%22fref%22%3A%22mentions%22%7D\" data-hovercard-prefer-more-content-show=\"1\">Gym Grande Champion<\/a>&nbsp;fitness centar upostavili su saradnju sa \u0160kolom za srednje stru\u010dno obrazovanje i radno osposobljavanje, koja \u0107e omogu\u0107iti polaznicima da treniraju uz stru\u010dni nadzor i uz najmodernije uvjete.<br \/>\nPrimarni cilj je podr\u0161ka djeci sa te\u0161ko\u0107ama u razvoju kroz adekvatnu i kontinuiranu tjelesnu aktivnost.&nbsp;<br \/>\nOvo je odli\u010dan primjer saradnje izme\u0111u \u0161kole kao javne ustanove i privatnog subjekta, a od dobrobiti za \u0161iru dru\u0161tvenu zajednicu koji svakako zaslu\u017euje na\u0161u podru\u0161ku.<\/p>\n<p>\u0160kola za srednje stru\u010dno obrazovanje i radno osposobljavanje je jedina srednja \u0161kola u Kantonu Sarajevo koja obrazuje djecu sa ovakvim te\u0161ko\u0107ama.<\/p>\n<p><img loading=\"lazy\" decoding=\"async\" class=\"aligncenter size-medium wp-image-1244\" src=\"https:\/\/strucnoobraz.edu.ba\/wp-content\/uploads\/1-6-300x200.jpg\" alt=\"\" width=\"300\" height=\"200\" srcset=\"https:\/\/strucnoobraz.edu.ba\/wp-content\/uploads\/1-6-300x200.jpg 300w, https:\/\/strucnoobraz.edu.ba\/wp-content\/uploads\/1-6-768x512.jpg 768w, https:\/\/strucnoobraz.edu.ba\/wp-content\/uploads\/1-6-1024x683.jpg 1024w, https:\/\/strucnoobraz.edu.ba\/wp-content\/uploads\/1-6-90x60.jpg 90w, https:\/\/strucnoobraz.edu.ba\/wp-content\/uploads\/1-6.jpg 1599w\" sizes=\"auto, (max-width: 300px) 100vw, 300px\" \/><\/p>\n<p><img loading=\"lazy\" decoding=\"async\" class=\"aligncenter size-medium wp-image-1245\" src=\"https:\/\/strucnoobraz.edu.ba\/wp-content\/uploads\/2-5-300x200.jpg\" alt=\"\" width=\"300\" height=\"200\" srcset=\"https:\/\/strucnoobraz.edu.ba\/wp-content\/uploads\/2-5-300x200.jpg 300w, https:\/\/strucnoobraz.edu.ba\/wp-content\/uploads\/2-5-768x512.jpg 768w, https:\/\/strucnoobraz.edu.ba\/wp-content\/uploads\/2-5-1024x683.jpg 1024w, https:\/\/strucnoobraz.edu.ba\/wp-content\/uploads\/2-5.jpg 1599w\" sizes=\"auto, (max-width: 300px) 100vw, 300px\" \/><\/p>\n<p><img loading=\"lazy\" decoding=\"async\" class=\"aligncenter size-medium wp-image-1246\" src=\"https:\/\/strucnoobraz.edu.ba\/wp-content\/uploads\/3-2-300x225.jpg\" alt=\"\" width=\"300\" height=\"225\" srcset=\"https:\/\/strucnoobraz.edu.ba\/wp-content\/uploads\/3-2-300x225.jpg 300w, https:\/\/strucnoobraz.edu.ba\/wp-content\/uploads\/3-2-768x576.jpg 768w, https:\/\/strucnoobraz.edu.ba\/wp-content\/uploads\/3-2-1024x768.jpg 1024w, https:\/\/strucnoobraz.edu.ba\/wp-content\/uploads\/3-2.jpg 1600w\" sizes=\"auto, (max-width: 300px) 100vw, 300px\" \/><\/p>\n<p>https:\/\/www.facebook.com\/123373207806589\/videos\/392332214823926\/?t=50<\/p>\n","protected":false},"excerpt":{"rendered":"<p>RADIONICA BY GYM GRANDE CHAMPION Gradona\u010dalnik Sarajeva Abdulah Skaka Nedim Babi\u0107 i&nbsp;Gym Grande Champion&nbsp;fitness centar upostavili su saradnju sa \u0160kolom za srednje stru\u010dno obrazovanje i radno osposobljavanje, koja \u0107e omogu\u0107iti polaznicima da treniraju uz stru\u010dni nadzor i uz najmodernije uvjete. &hellip; <a href=\"https:\/\/strucnoobraz.edu.ba\/?p=1240\">Continue reading <span class=\"meta-nav\">&rarr;<\/span><\/a><\/p>\n","protected":false},"author":1,"featured_media":1244,"comment_status":"closed","ping_status":"open","sticky":false,"template":"","format":"standard","meta":{"footnotes":""},"categories":[4],"tags":[],"class_list":["post-1240","post","type-post","status-publish","format-standard","has-post-thumbnail","hentry","category-novosti"],"_links":{"self":[{"href":"https:\/\/strucnoobraz.edu.ba\/index.php?rest_route=\/wp\/v2\/posts\/1240","targetHints":{"allow":["GET"]}}],"collection":[{"href":"https:\/\/strucnoobraz.edu.ba\/index.php?rest_route=\/wp\/v2\/posts"}],"about":[{"href":"https:\/\/strucnoobraz.edu.ba\/index.php?rest_route=\/wp\/v2\/types\/post"}],"author":[{"embeddable":true,"href":"https:\/\/strucnoobraz.edu.ba\/index.php?rest_route=\/wp\/v2\/users\/1"}],"replies":[{"embeddable":true,"href":"https:\/\/strucnoobraz.edu.ba\/index.php?rest_route=%2Fwp%2Fv2%2Fcomments&post=1240"}],"version-history":[{"count":3,"href":"https:\/\/strucnoobraz.edu.ba\/index.php?rest_route=\/wp\/v2\/posts\/1240\/revisions"}],"predecessor-version":[{"id":1249,"href":"https:\/\/strucnoobraz.edu.ba\/index.php?rest_route=\/wp\/v2\/posts\/1240\/revisions\/1249"}],"wp:featuredmedia":[{"embeddable":true,"href":"https:\/\/strucnoobraz.edu.ba\/index.php?rest_route=\/wp\/v2\/media\/1244"}],"wp:attachment":[{"href":"https:\/\/strucnoobraz.edu.ba\/index.php?rest_route=%2Fwp%2Fv2%2Fmedia&parent=1240"}],"wp:term":[{"taxonomy":"category","embeddable":true,"href":"https:\/\/strucnoobraz.edu.ba\/index.php?rest_route=%2Fwp%2Fv2%2Fcategories&post=1240"},{"taxonomy":"post_tag","embeddable":true,"href":"https:\/\/strucnoobraz.edu.ba\/index.php?rest_route=%2Fwp%2Fv2%2Ftags&post=1240"}],"curies":[{"name":"wp","href":"https:\/\/api.w.org\/{rel}","templated":true}]}}