{"id":1213,"date":"2019-05-10T11:18:12","date_gmt":"2019-05-10T09:18:12","guid":{"rendered":"http:\/\/strucnoobraz.edu.ba\/?p=1213"},"modified":"2019-05-10T11:55:59","modified_gmt":"2019-05-10T09:55:59","slug":"od-obale-moje-do-obale-tvoje-sarajevski-mostovi-ponosno-stoje","status":"publish","type":"post","link":"https:\/\/strucnoobraz.edu.ba\/?p=1213","title":{"rendered":"OD OBALE MOJE DO OBALE TVOJE SARAJEVSKI MOSTOVI PONOSNO STOJE"},"content":{"rendered":"<p style=\"text-align: center;\">OD OBALE MOJE DO OBALE TVOJE SARAJEVSKI MOSTOVI PONOSNO STOJE<\/p>\n<p>Na Kantonalnom takmi\u010denju za najbolji literarni rad, u okviru 23. revije stvarala\u0161tva u\u010denika osnovnih i srednjih \u0161kola KS, na\u0161 u\u010denik Adis Saraj\u010di\u0107 osvojio je izvanredno tre\u0107e mjesto. Dodjela priznanja odr\u017eana je u BKC- u, 09.05.2019. godine.<\/p>\n<p><img loading=\"lazy\" decoding=\"async\" class=\"aligncenter size-medium wp-image-1215\" src=\"https:\/\/strucnoobraz.edu.ba\/wp-content\/uploads\/1-5-225x300.jpg\" alt=\"\" width=\"225\" height=\"300\" srcset=\"https:\/\/strucnoobraz.edu.ba\/wp-content\/uploads\/1-5-225x300.jpg 225w, https:\/\/strucnoobraz.edu.ba\/wp-content\/uploads\/1-5.jpg 720w\" sizes=\"auto, (max-width: 225px) 100vw, 225px\" \/><\/p>\n<p>Tako\u0111e je i grupa u\u010denika likovne sekcije \u0160kole za srednje stru\u010dno obrazovanje i radno oposobljavanje uzela u\u010de\u0161\u0107e na pomenutoj manifestaciji i osvojila nagradu za najbolji likovni rad, te zauzela II mjesto.<\/p>\n<p><img loading=\"lazy\" decoding=\"async\" class=\"aligncenter size-medium wp-image-1218\" src=\"https:\/\/strucnoobraz.edu.ba\/wp-content\/uploads\/Bez-naslova-300x211.png\" alt=\"\" width=\"300\" height=\"211\" srcset=\"https:\/\/strucnoobraz.edu.ba\/wp-content\/uploads\/Bez-naslova-300x211.png 300w, https:\/\/strucnoobraz.edu.ba\/wp-content\/uploads\/Bez-naslova.png 633w\" sizes=\"auto, (max-width: 300px) 100vw, 300px\" \/><\/p>\n<p>&nbsp;<\/p>\n","protected":false},"excerpt":{"rendered":"<p>OD OBALE MOJE DO OBALE TVOJE SARAJEVSKI MOSTOVI PONOSNO STOJE Na Kantonalnom takmi\u010denju za najbolji literarni rad, u okviru 23. revije stvarala\u0161tva u\u010denika osnovnih i srednjih \u0161kola KS, na\u0161 u\u010denik Adis Saraj\u010di\u0107 osvojio je izvanredno tre\u0107e mjesto. Dodjela priznanja odr\u017eana &hellip; <a href=\"https:\/\/strucnoobraz.edu.ba\/?p=1213\">Continue reading <span class=\"meta-nav\">&rarr;<\/span><\/a><\/p>\n","protected":false},"author":1,"featured_media":1215,"comment_status":"closed","ping_status":"open","sticky":false,"template":"","format":"standard","meta":{"footnotes":""},"categories":[4],"tags":[],"class_list":["post-1213","post","type-post","status-publish","format-standard","has-post-thumbnail","hentry","category-novosti"],"_links":{"self":[{"href":"https:\/\/strucnoobraz.edu.ba\/index.php?rest_route=\/wp\/v2\/posts\/1213","targetHints":{"allow":["GET"]}}],"collection":[{"href":"https:\/\/strucnoobraz.edu.ba\/index.php?rest_route=\/wp\/v2\/posts"}],"about":[{"href":"https:\/\/strucnoobraz.edu.ba\/index.php?rest_route=\/wp\/v2\/types\/post"}],"author":[{"embeddable":true,"href":"https:\/\/strucnoobraz.edu.ba\/index.php?rest_route=\/wp\/v2\/users\/1"}],"replies":[{"embeddable":true,"href":"https:\/\/strucnoobraz.edu.ba\/index.php?rest_route=%2Fwp%2Fv2%2Fcomments&post=1213"}],"version-history":[{"count":4,"href":"https:\/\/strucnoobraz.edu.ba\/index.php?rest_route=\/wp\/v2\/posts\/1213\/revisions"}],"predecessor-version":[{"id":1220,"href":"https:\/\/strucnoobraz.edu.ba\/index.php?rest_route=\/wp\/v2\/posts\/1213\/revisions\/1220"}],"wp:featuredmedia":[{"embeddable":true,"href":"https:\/\/strucnoobraz.edu.ba\/index.php?rest_route=\/wp\/v2\/media\/1215"}],"wp:attachment":[{"href":"https:\/\/strucnoobraz.edu.ba\/index.php?rest_route=%2Fwp%2Fv2%2Fmedia&parent=1213"}],"wp:term":[{"taxonomy":"category","embeddable":true,"href":"https:\/\/strucnoobraz.edu.ba\/index.php?rest_route=%2Fwp%2Fv2%2Fcategories&post=1213"},{"taxonomy":"post_tag","embeddable":true,"href":"https:\/\/strucnoobraz.edu.ba\/index.php?rest_route=%2Fwp%2Fv2%2Ftags&post=1213"}],"curies":[{"name":"wp","href":"https:\/\/api.w.org\/{rel}","templated":true}]}}