{"id":116,"date":"2013-06-12T13:58:07","date_gmt":"2013-06-12T11:58:07","guid":{"rendered":"http:\/\/strucnoobraz.web.ba\/?p=116"},"modified":"2013-06-12T22:13:13","modified_gmt":"2013-06-12T20:13:13","slug":"akcija-ciscenja-snijega-oko-skole-6-februar-2012-godine","status":"publish","type":"post","link":"https:\/\/strucnoobraz.edu.ba\/?p=116","title":{"rendered":"Akcija \u010di\u0161\u0107enja snijega oko \u0161kole 6. februar 2012. godine"},"content":{"rendered":"<p>Uposlenici \u010distili snijeg oko \u0161kole. Dok je mu\u0161ki dio kolektiva vrijedno radio, kolegice su u kuhinji pripremale \u010daj i sukale pite. \u010ci\u0161\u0107enju se pridru\u017eio i Mirza Smaji\u0107, biv\u0161i u\u010denik ove \u0161kole.<\/p>\n<table>\n<tr>\n<td>\n<a href=\"https:\/\/strucnoobraz.edu.ba\/wp-content\/uploads\/2013\/06\/ciscenje2.jpg\"><img loading=\"lazy\" decoding=\"async\" class=\"alignleft size-medium wp-image-118\" alt=\"ciscenje2\" src=\"https:\/\/strucnoobraz.edu.ba\/wp-content\/uploads\/2013\/06\/ciscenje2-300x225.jpg\" width=\"300\" height=\"225\" srcset=\"https:\/\/strucnoobraz.edu.ba\/wp-content\/uploads\/2013\/06\/ciscenje2-300x225.jpg 300w, https:\/\/strucnoobraz.edu.ba\/wp-content\/uploads\/2013\/06\/ciscenje2.jpg 346w\" sizes=\"auto, (max-width: 300px) 100vw, 300px\" \/><\/a>\n<\/td>\n<td>\n<a href=\"https:\/\/strucnoobraz.edu.ba\/wp-content\/uploads\/2013\/06\/ciscenje1.jpg\"><img loading=\"lazy\" decoding=\"async\" class=\"size-medium wp-image-117 alignright\" alt=\"ciscenje1\" src=\"https:\/\/strucnoobraz.edu.ba\/wp-content\/uploads\/2013\/06\/ciscenje1-300x225.jpg\" width=\"300\" height=\"225\" srcset=\"https:\/\/strucnoobraz.edu.ba\/wp-content\/uploads\/2013\/06\/ciscenje1-300x225.jpg 300w, https:\/\/strucnoobraz.edu.ba\/wp-content\/uploads\/2013\/06\/ciscenje1.jpg 346w\" sizes=\"auto, (max-width: 300px) 100vw, 300px\" \/><\/a><\/td>\n<\/tr>\n<\/table>\n","protected":false},"excerpt":{"rendered":"<p>Uposlenici \u010distili snijeg oko \u0161kole. Dok je mu\u0161ki dio kolektiva vrijedno radio, kolegice su u kuhinji pripremale \u010daj i sukale pite. \u010ci\u0161\u0107enju se pridru\u017eio i Mirza Smaji\u0107, biv\u0161i u\u010denik ove \u0161kole.<\/p>\n","protected":false},"author":1,"featured_media":118,"comment_status":"closed","ping_status":"open","sticky":false,"template":"","format":"standard","meta":{"footnotes":""},"categories":[4],"tags":[],"class_list":["post-116","post","type-post","status-publish","format-standard","has-post-thumbnail","hentry","category-novosti"],"_links":{"self":[{"href":"https:\/\/strucnoobraz.edu.ba\/index.php?rest_route=\/wp\/v2\/posts\/116","targetHints":{"allow":["GET"]}}],"collection":[{"href":"https:\/\/strucnoobraz.edu.ba\/index.php?rest_route=\/wp\/v2\/posts"}],"about":[{"href":"https:\/\/strucnoobraz.edu.ba\/index.php?rest_route=\/wp\/v2\/types\/post"}],"author":[{"embeddable":true,"href":"https:\/\/strucnoobraz.edu.ba\/index.php?rest_route=\/wp\/v2\/users\/1"}],"replies":[{"embeddable":true,"href":"https:\/\/strucnoobraz.edu.ba\/index.php?rest_route=%2Fwp%2Fv2%2Fcomments&post=116"}],"version-history":[{"count":4,"href":"https:\/\/strucnoobraz.edu.ba\/index.php?rest_route=\/wp\/v2\/posts\/116\/revisions"}],"predecessor-version":[{"id":281,"href":"https:\/\/strucnoobraz.edu.ba\/index.php?rest_route=\/wp\/v2\/posts\/116\/revisions\/281"}],"wp:featuredmedia":[{"embeddable":true,"href":"https:\/\/strucnoobraz.edu.ba\/index.php?rest_route=\/wp\/v2\/media\/118"}],"wp:attachment":[{"href":"https:\/\/strucnoobraz.edu.ba\/index.php?rest_route=%2Fwp%2Fv2%2Fmedia&parent=116"}],"wp:term":[{"taxonomy":"category","embeddable":true,"href":"https:\/\/strucnoobraz.edu.ba\/index.php?rest_route=%2Fwp%2Fv2%2Fcategories&post=116"},{"taxonomy":"post_tag","embeddable":true,"href":"https:\/\/strucnoobraz.edu.ba\/index.php?rest_route=%2Fwp%2Fv2%2Ftags&post=116"}],"curies":[{"name":"wp","href":"https:\/\/api.w.org\/{rel}","templated":true}]}}