{"id":1122,"date":"2019-04-02T11:08:58","date_gmt":"2019-04-02T09:08:58","guid":{"rendered":"http:\/\/strucnoobraz.edu.ba\/?p=1122"},"modified":"2019-04-02T11:08:58","modified_gmt":"2019-04-02T09:08:58","slug":"svjetski-dan-svjesnosti-o-autizmu","status":"publish","type":"post","link":"https:\/\/strucnoobraz.edu.ba\/?p=1122","title":{"rendered":"Svjetski dan svjesnosti o autizmu"},"content":{"rendered":"<p>Svjetski dan svjesnosti o autizmu Glavna skup\u0161tina UN-a odabrala je za obilje\u017eavanje 2. travnja \u010dime \u017eeli skrenuti pozornost javnosti \u0161irom svijeta na sve ve\u0107i problem ovoga slo\u017eenog poreme\u0107aja koji se kod pojedinaca naj\u010de\u0161\u0107e razvije u prve tri godine \u017eivota i uglavnom traje do kraja \u017eivota. Dan svjesnosti o autizmu 2013. godine obilje\u017eavao se pod motom: \u201eAutizam treba \u2013 sistemsko rje\u0161enje.\u201c<\/p>\n<p><img loading=\"lazy\" decoding=\"async\" class=\"aligncenter size-medium wp-image-1121\" src=\"https:\/\/strucnoobraz.edu.ba\/wp-content\/uploads\/preuzmi-300x154.jpg\" alt=\"\" width=\"300\" height=\"154\" srcset=\"https:\/\/strucnoobraz.edu.ba\/wp-content\/uploads\/preuzmi-300x154.jpg 300w, https:\/\/strucnoobraz.edu.ba\/wp-content\/uploads\/preuzmi.jpg 313w\" sizes=\"auto, (max-width: 300px) 100vw, 300px\" \/><\/p>\n","protected":false},"excerpt":{"rendered":"<p>Svjetski dan svjesnosti o autizmu Glavna skup\u0161tina UN-a odabrala je za obilje\u017eavanje 2. travnja \u010dime \u017eeli skrenuti pozornost javnosti \u0161irom svijeta na sve ve\u0107i problem ovoga slo\u017eenog poreme\u0107aja koji se kod pojedinaca naj\u010de\u0161\u0107e razvije u prve tri godine \u017eivota i &hellip; <a href=\"https:\/\/strucnoobraz.edu.ba\/?p=1122\">Continue reading <span class=\"meta-nav\">&rarr;<\/span><\/a><\/p>\n","protected":false},"author":1,"featured_media":1121,"comment_status":"closed","ping_status":"open","sticky":false,"template":"","format":"standard","meta":{"footnotes":""},"categories":[4],"tags":[],"class_list":["post-1122","post","type-post","status-publish","format-standard","has-post-thumbnail","hentry","category-novosti"],"_links":{"self":[{"href":"https:\/\/strucnoobraz.edu.ba\/index.php?rest_route=\/wp\/v2\/posts\/1122","targetHints":{"allow":["GET"]}}],"collection":[{"href":"https:\/\/strucnoobraz.edu.ba\/index.php?rest_route=\/wp\/v2\/posts"}],"about":[{"href":"https:\/\/strucnoobraz.edu.ba\/index.php?rest_route=\/wp\/v2\/types\/post"}],"author":[{"embeddable":true,"href":"https:\/\/strucnoobraz.edu.ba\/index.php?rest_route=\/wp\/v2\/users\/1"}],"replies":[{"embeddable":true,"href":"https:\/\/strucnoobraz.edu.ba\/index.php?rest_route=%2Fwp%2Fv2%2Fcomments&post=1122"}],"version-history":[{"count":1,"href":"https:\/\/strucnoobraz.edu.ba\/index.php?rest_route=\/wp\/v2\/posts\/1122\/revisions"}],"predecessor-version":[{"id":1123,"href":"https:\/\/strucnoobraz.edu.ba\/index.php?rest_route=\/wp\/v2\/posts\/1122\/revisions\/1123"}],"wp:featuredmedia":[{"embeddable":true,"href":"https:\/\/strucnoobraz.edu.ba\/index.php?rest_route=\/wp\/v2\/media\/1121"}],"wp:attachment":[{"href":"https:\/\/strucnoobraz.edu.ba\/index.php?rest_route=%2Fwp%2Fv2%2Fmedia&parent=1122"}],"wp:term":[{"taxonomy":"category","embeddable":true,"href":"https:\/\/strucnoobraz.edu.ba\/index.php?rest_route=%2Fwp%2Fv2%2Fcategories&post=1122"},{"taxonomy":"post_tag","embeddable":true,"href":"https:\/\/strucnoobraz.edu.ba\/index.php?rest_route=%2Fwp%2Fv2%2Ftags&post=1122"}],"curies":[{"name":"wp","href":"https:\/\/api.w.org\/{rel}","templated":true}]}}